{"id":984,"date":"2023-10-27T16:44:07","date_gmt":"2023-10-27T16:44:07","guid":{"rendered":"https:\/\/neanoticias.com\/?p=984"},"modified":"2023-10-27T16:44:08","modified_gmt":"2023-10-27T16:44:08","slug":"robaron-las-herramientas-y-una-camioneta-de-un-conocido-vivero","status":"publish","type":"post","link":"https:\/\/neanoticias.com\/index.php\/2023\/10\/27\/robaron-las-herramientas-y-una-camioneta-de-un-conocido-vivero\/","title":{"rendered":"ROBARON LAS HERRAMIENTAS Y UNA CAMIONETA DE UN CONOCIDO VIVERO"},"content":{"rendered":"\n<p>A trav\u00e9s de su cuenta de Instagram un reconocido vivero ubicado en la localidad de Santa Ana sufri\u00f3 el robo de todas sus herramientas de trabajo y hasta una camioneta. La empresa que se dedica a la realizaci\u00f3n de paisajismo pidi\u00f3 disculpas a sus clientes por no poder continuar con los trabajos hasta la semana que viene.<\/p>\n\n\n\n<figure class=\"wp-block-image size-full\"><img loading=\"lazy\" width=\"700\" height=\"466\" src=\"https:\/\/neanoticias.com\/wp-content\/uploads\/2023\/10\/273043.jpg_nota.jpg\" alt=\"\" class=\"wp-image-985\" srcset=\"https:\/\/neanoticias.com\/wp-content\/uploads\/2023\/10\/273043.jpg_nota.jpg 700w, https:\/\/neanoticias.com\/wp-content\/uploads\/2023\/10\/273043.jpg_nota-300x200.jpg 300w\" sizes=\"(max-width: 700px) 100vw, 700px\" \/><\/figure>\n\n\n\n<p>Los propietarios de un vivero ubicado sobre Ruta Provincial N\u00ba 43 &#8211; Km 7,2 a la altura de la localidad de Santa Ana, se encontraron con el hecho que delincuentes ingresaron al lugar y sustrajeron todas las herramientas de trabajo y se llevaron hasta una camioneta.<\/p>\n\n\n\n<p>As\u00ed la empresa que se dedicada a la realizaci\u00f3n de paisajismo lo inform\u00f3 a trav\u00e9s de su cuenta oficial de Instagram: \u201cHoy nos levantamos con la peor noticia que podemos recibir: nos robaron todo, absolutamente todo\u201d, postearon.<\/p>\n\n\n\n<p>Teniendo en cuenta esta complicada situaci\u00f3n informaron: \u201cQueremos avisarles a nuestros clientes a quienes estamos realizando trabajos de paisajismo actualmente, que hasta la semana que viene no vamos a poder continuar con los laburos porque nos quedamos sin herramientas\u201d.<\/p>\n\n\n\n<p>En di\u00e1logo con Radio Sudamericana Rodrigo Schenone, uno de los due\u00f1os del vivero detall\u00f3 que el robo fue a las 3 de la madrugada de este viernes, ya que una de las c\u00e1maras de seguridad pudo grabar el momento en el que ingresaban personas al predio.<\/p>\n\n\n\n<p>Al ser consultado sobre si los delincuentes eligieron su negocio al voleo Schenone, expres\u00f3 \u201cno, claramente sab\u00edan todo porque fueron primero a cortar las luces, y ah\u00ed dejaron de funcionar las c\u00e1maras se llevaron el DVR de las c\u00e1maras, sab\u00edan c\u00f3mo funcionan las cosas en el vivero\u201d.<\/p>\n\n\n\n<p>\u201cEs muy doloroso pensarlo pero fue alguien que conoce o trabaj\u00f3 con nosotros porque es muy puntual el robo, se llevaron lo que utilizamos a diario\u201d, asegur\u00f3.<\/p>\n","protected":false},"excerpt":{"rendered":"<p>A trav\u00e9s de su cuenta de Instagram un reconocido vivero ubicado en la localidad de&#8230;<\/p>\n","protected":false},"author":1,"featured_media":985,"comment_status":"open","ping_status":"open","sticky":false,"template":"","format":"standard","meta":[],"categories":[1],"tags":[],"_links":{"self":[{"href":"https:\/\/neanoticias.com\/index.php\/wp-json\/wp\/v2\/posts\/984"}],"collection":[{"href":"https:\/\/neanoticias.com\/index.php\/wp-json\/wp\/v2\/posts"}],"about":[{"href":"https:\/\/neanoticias.com\/index.php\/wp-json\/wp\/v2\/types\/post"}],"author":[{"embeddable":true,"href":"https:\/\/neanoticias.com\/index.php\/wp-json\/wp\/v2\/users\/1"}],"replies":[{"embeddable":true,"href":"https:\/\/neanoticias.com\/index.php\/wp-json\/wp\/v2\/comments?post=984"}],"version-history":[{"count":1,"href":"https:\/\/neanoticias.com\/index.php\/wp-json\/wp\/v2\/posts\/984\/revisions"}],"predecessor-version":[{"id":986,"href":"https:\/\/neanoticias.com\/index.php\/wp-json\/wp\/v2\/posts\/984\/revisions\/986"}],"wp:featuredmedia":[{"embeddable":true,"href":"https:\/\/neanoticias.com\/index.php\/wp-json\/wp\/v2\/media\/985"}],"wp:attachment":[{"href":"https:\/\/neanoticias.com\/index.php\/wp-json\/wp\/v2\/media?parent=984"}],"wp:term":[{"taxonomy":"category","embeddable":true,"href":"https:\/\/neanoticias.com\/index.php\/wp-json\/wp\/v2\/categories?post=984"},{"taxonomy":"post_tag","embeddable":true,"href":"https:\/\/neanoticias.com\/index.php\/wp-json\/wp\/v2\/tags?post=984"}],"curies":[{"name":"wp","href":"https:\/\/api.w.org\/{rel}","templated":true}]}}