{"id":981,"date":"2023-10-27T16:42:53","date_gmt":"2023-10-27T16:42:53","guid":{"rendered":"https:\/\/neanoticias.com\/?p=981"},"modified":"2023-10-27T16:42:53","modified_gmt":"2023-10-27T16:42:53","slug":"el-mensaje-de-antonia-la-hija-de-mauricio-macri-que-lo-convencio-de-su-voto","status":"publish","type":"post","link":"https:\/\/neanoticias.com\/index.php\/2023\/10\/27\/el-mensaje-de-antonia-la-hija-de-mauricio-macri-que-lo-convencio-de-su-voto\/","title":{"rendered":"EL MENSAJE DE ANTONIA, LA HIJA DE MAURICIO MACRI, QUE LO CONVENCI\u00d3 DE SU VOTO"},"content":{"rendered":"\n<p>Mauricio Macri rompi\u00f3 el silencio este viernes despu\u00e9s del cimbronazo pol\u00edtico que signific\u00f3 su apoyo y el de Patricia Bullrich a Javier Milei de cara al balotaje y revel\u00f3 la frase que le dijo su hija Antonia, de apenas 11 a\u00f1os, que lo convenci\u00f3 de que no ten\u00eda otra &#8220;alternativa&#8221; que acompa\u00f1ar al libertario.<\/p>\n\n\n\n<figure class=\"wp-block-image size-full\"><img loading=\"lazy\" width=\"700\" height=\"525\" src=\"https:\/\/neanoticias.com\/wp-content\/uploads\/2023\/10\/442195.jpg_nota.jpg\" alt=\"\" class=\"wp-image-982\" srcset=\"https:\/\/neanoticias.com\/wp-content\/uploads\/2023\/10\/442195.jpg_nota.jpg 700w, https:\/\/neanoticias.com\/wp-content\/uploads\/2023\/10\/442195.jpg_nota-300x225.jpg 300w\" sizes=\"(max-width: 700px) 100vw, 700px\" \/><\/figure>\n\n\n\n<p>El expresidente habl\u00f3 este viernes en medio de las fuertes cr\u00edticas internas de una parte de Juntos por el Cambio por su apoyo a Javier Milei.<\/p>\n\n\n\n<p><strong>&#8220;Para mi sorpresa, Antonia me dijo &#8216;pap\u00e1, no hay alternativa. ten\u00e9s que apoyar a milei&#8217;.<\/strong>&nbsp;<strong>Si Antonia me dice eso, para m\u00ed es palabra sagrada&#8221;<\/strong>, asegur\u00f3 Macri en una entrevista con radio Mitre.<\/p>\n\n\n\n<p>Y agreg\u00f3:&nbsp;<strong>&#8220;Si votara lo har\u00eda por Milei, no tengo dudas, porque Antonia quiere un cambio&#8221;.<\/strong><\/p>\n","protected":false},"excerpt":{"rendered":"<p>Mauricio Macri rompi\u00f3 el silencio este viernes despu\u00e9s del cimbronazo pol\u00edtico que signific\u00f3 su apoyo&#8230;<\/p>\n","protected":false},"author":1,"featured_media":982,"comment_status":"open","ping_status":"open","sticky":false,"template":"","format":"standard","meta":[],"categories":[1],"tags":[],"_links":{"self":[{"href":"https:\/\/neanoticias.com\/index.php\/wp-json\/wp\/v2\/posts\/981"}],"collection":[{"href":"https:\/\/neanoticias.com\/index.php\/wp-json\/wp\/v2\/posts"}],"about":[{"href":"https:\/\/neanoticias.com\/index.php\/wp-json\/wp\/v2\/types\/post"}],"author":[{"embeddable":true,"href":"https:\/\/neanoticias.com\/index.php\/wp-json\/wp\/v2\/users\/1"}],"replies":[{"embeddable":true,"href":"https:\/\/neanoticias.com\/index.php\/wp-json\/wp\/v2\/comments?post=981"}],"version-history":[{"count":1,"href":"https:\/\/neanoticias.com\/index.php\/wp-json\/wp\/v2\/posts\/981\/revisions"}],"predecessor-version":[{"id":983,"href":"https:\/\/neanoticias.com\/index.php\/wp-json\/wp\/v2\/posts\/981\/revisions\/983"}],"wp:featuredmedia":[{"embeddable":true,"href":"https:\/\/neanoticias.com\/index.php\/wp-json\/wp\/v2\/media\/982"}],"wp:attachment":[{"href":"https:\/\/neanoticias.com\/index.php\/wp-json\/wp\/v2\/media?parent=981"}],"wp:term":[{"taxonomy":"category","embeddable":true,"href":"https:\/\/neanoticias.com\/index.php\/wp-json\/wp\/v2\/categories?post=981"},{"taxonomy":"post_tag","embeddable":true,"href":"https:\/\/neanoticias.com\/index.php\/wp-json\/wp\/v2\/tags?post=981"}],"curies":[{"name":"wp","href":"https:\/\/api.w.org\/{rel}","templated":true}]}}