{"id":973,"date":"2023-10-27T16:04:59","date_gmt":"2023-10-27T16:04:59","guid":{"rendered":"https:\/\/neanoticias.com\/?p=973"},"modified":"2023-10-27T16:05:00","modified_gmt":"2023-10-27T16:05:00","slug":"adolescentes-perdidas-fueron-encontradas","status":"publish","type":"post","link":"https:\/\/neanoticias.com\/index.php\/2023\/10\/27\/adolescentes-perdidas-fueron-encontradas\/","title":{"rendered":"ADOLESCENTES PERDIDAS FUERON ENCONTRADAS"},"content":{"rendered":"\n<p>Las dos tienen 14 a\u00f1os. Una de ellas fue a tomar unos mates con un amigo a la plaza, mientras que la segunda subi\u00f3 a un colectivo con destino a la casa de su pap\u00e1.<\/p>\n\n\n\n<figure class=\"wp-block-image size-full\"><img loading=\"lazy\" width=\"762\" height=\"712\" src=\"https:\/\/neanoticias.com\/wp-content\/uploads\/2023\/10\/1327829w762h712c.jpg-1.webp\" alt=\"\" class=\"wp-image-974\" srcset=\"https:\/\/neanoticias.com\/wp-content\/uploads\/2023\/10\/1327829w762h712c.jpg-1.webp 762w, https:\/\/neanoticias.com\/wp-content\/uploads\/2023\/10\/1327829w762h712c.jpg-1-300x280.webp 300w\" sizes=\"(max-width: 762px) 100vw, 762px\" \/><\/figure>\n\n\n\n<p>Ninguna regres\u00f3 a sus hogar desde el lunes, en horas de la tarde, y sus familias pidieron datos certeros para localizarlas. Afortunadamente y al cierre de esta edici\u00f3n, desde la Fuerza policial informaron que ambas fueron localizadas.<\/p>\n\n\n\n<p>&#8220;Tania fue a tomar unos mates con un amigo llamado Alex, quien tendr\u00eda la misma edad, a la plaza del barrio Fray Jos\u00e9 de la Quintana. No tenemos novedad de ella. No conocemos al chico, ella nos hab\u00eda dicho que era su amigo de las Mil Viviendas&#8221;, fueron los datos que ten\u00eda la madre de una de las adolescente desaparecidas.<\/p>\n\n\n\n<p>Tania y su madre se domicilian en el barrio San Roque Este y a este medio inform\u00f3 c\u00f3mo estaba vestida y qu\u00e9 caracter\u00edsticas f\u00edsicas reun\u00eda, a fin de reconocerla.<\/p>\n\n\n\n<p>A diario \u00e9poca la madre cont\u00f3 que su hija siempre regresaba y la preocupaci\u00f3n fue en aumento con el correr de los minutos.<\/p>\n\n\n\n<p>&#8220;Dios quiera que regrese, ya no sabemos d\u00f3nde buscarla, porque no tiene amigas. Me hab\u00eda dicho que a lo mejor despu\u00e9s iban a la otra plaza del barrio, donde vive \u00e9l (su amigo) en Las Mil&#8221;, dijo y agreg\u00f3: &#8220;La estamos esperando con los brazos abiertos&#8221;, dijo la mujer, quien poco despu\u00e9s de las 21 inform\u00f3 que la joven apareci\u00f3 y que estaban camino a realizar los controles m\u00e9dicos respectivos. &#8220;Lo importante es que fue localizada&#8221;, reiter\u00f3 la mujer a este medio.<\/p>\n\n\n\n<p>La denuncia fue radicada ante las autoridades policiales de la Comisar\u00eda Vig\u00e9simo Primera.<\/p>\n\n\n\n<h2>Tambi\u00e9n se perdi\u00f3 el lunes<\/h2>\n\n\n\n<p>Por otra parte, se conoci\u00f3 el pedido de localizaci\u00f3n para otra jovencita de la misma edad llamada Luj\u00e1n, desde el lunes por la tarde.<\/p>\n\n\n\n<p>Su madre dijo a diario \u00e9poca que la chica se dirig\u00eda desde el barrio donde vive, Las Tejas, hacia el Molina Punta y que para ello la vio subir al colectivo urbano.<\/p>\n\n\n\n<p>&#8220;Estamos muy desesperados, necesitamos que regrese&#8221;, expres\u00f3 la madre de la joven.<\/p>\n\n\n\n<p>&#8220;No sabemos nada de ella&#8221;, dijo.<\/p>\n\n\n\n<p>&#8220;Hicimos la denuncia en la comisar\u00eda Primera de la Mujer y el Menor&#8221;, agreg\u00f3 a la vez que explic\u00f3 que si bien no conoce los nombres de las calles, sabe c\u00f3mo llegar a la casa de su pap\u00e1, un trayecto que es habitual para la jovencita.<\/p>\n\n\n\n<p>Tambi\u00e9n, como es en estos casos, se brind\u00f3 caracter\u00edsticas f\u00edsicas y de vestimenta de la menor, quien afortunadamente, poco despu\u00e9s de las 20, la Polic\u00eda inform\u00f3 que fue encontrada &#8220;sana y salva&#8221;.<\/p>\n\n\n\n<p>La adolescente de contextura delgada, mide alrededor de 1.68 metros, tiene cabello largo, color rojizo oscuro y regres\u00f3.<\/p>\n\n\n\n<p>La Polic\u00eda estuvo abocada a la b\u00fasqueda y localizaci\u00f3n de las j\u00f3venes, y para ello, como se estila en estos casos, se brindaron n\u00fameros telef\u00f3nicos para que brinden datos para su localizaci\u00f3n, siendo los mismos 911 en Capital o 101 del interior provincial.<\/p>\n\n\n\n<p>&#8220;Desde la comisar\u00eda de la Mujer nos avisaron que apareci\u00f3, que la Polic\u00eda la localiz\u00f3 y estamos aguardando novedades e instrucciones sobre c\u00f3mo seguir en estos casos&#8221;, dijo la madre de Luj\u00e1n a diario \u00e9poca.<\/p>\n\n\n\n<p>&#8220;Lo importante es que tenemos la tranquilidad de que ya est\u00e1 con nosotros&#8221;, se\u00f1al\u00f3 a la vez que agradeci\u00f3 la colaboraci\u00f3n de la ciudadan\u00eda.<\/p>\n","protected":false},"excerpt":{"rendered":"<p>Las dos tienen 14 a\u00f1os. Una de ellas fue a tomar unos mates con un&#8230;<\/p>\n","protected":false},"author":1,"featured_media":974,"comment_status":"open","ping_status":"open","sticky":false,"template":"","format":"standard","meta":[],"categories":[1],"tags":[],"_links":{"self":[{"href":"https:\/\/neanoticias.com\/index.php\/wp-json\/wp\/v2\/posts\/973"}],"collection":[{"href":"https:\/\/neanoticias.com\/index.php\/wp-json\/wp\/v2\/posts"}],"about":[{"href":"https:\/\/neanoticias.com\/index.php\/wp-json\/wp\/v2\/types\/post"}],"author":[{"embeddable":true,"href":"https:\/\/neanoticias.com\/index.php\/wp-json\/wp\/v2\/users\/1"}],"replies":[{"embeddable":true,"href":"https:\/\/neanoticias.com\/index.php\/wp-json\/wp\/v2\/comments?post=973"}],"version-history":[{"count":1,"href":"https:\/\/neanoticias.com\/index.php\/wp-json\/wp\/v2\/posts\/973\/revisions"}],"predecessor-version":[{"id":975,"href":"https:\/\/neanoticias.com\/index.php\/wp-json\/wp\/v2\/posts\/973\/revisions\/975"}],"wp:featuredmedia":[{"embeddable":true,"href":"https:\/\/neanoticias.com\/index.php\/wp-json\/wp\/v2\/media\/974"}],"wp:attachment":[{"href":"https:\/\/neanoticias.com\/index.php\/wp-json\/wp\/v2\/media?parent=973"}],"wp:term":[{"taxonomy":"category","embeddable":true,"href":"https:\/\/neanoticias.com\/index.php\/wp-json\/wp\/v2\/categories?post=973"},{"taxonomy":"post_tag","embeddable":true,"href":"https:\/\/neanoticias.com\/index.php\/wp-json\/wp\/v2\/tags?post=973"}],"curies":[{"name":"wp","href":"https:\/\/api.w.org\/{rel}","templated":true}]}}