{"id":970,"date":"2023-10-27T16:03:12","date_gmt":"2023-10-27T16:03:12","guid":{"rendered":"https:\/\/neanoticias.com\/?p=970"},"modified":"2023-10-27T16:03:12","modified_gmt":"2023-10-27T16:03:12","slug":"denuncian-robo-de-un-auto-que-habrian-incautado-por-deuda","status":"publish","type":"post","link":"https:\/\/neanoticias.com\/index.php\/2023\/10\/27\/denuncian-robo-de-un-auto-que-habrian-incautado-por-deuda\/","title":{"rendered":"DENUNCIAN &#8220;ROBO&#8221; DE UN AUTO QUE HABR\u00cdAN &#8220;INCAUTADO&#8221; POR DEUDA"},"content":{"rendered":"\n<p>El confuso procedimiento confront\u00f3 por momentos a los efectivos que buscaban el veh\u00edculo y a quienes hab\u00edan &#8220;retirado&#8221; del estacionamiento. El veh\u00edculo fue recuperado horas despu\u00e9s y se abri\u00f3 una investigaci\u00f3n interna por el caso.<\/p>\n\n\n\n<figure class=\"wp-block-image size-full\"><img loading=\"lazy\" width=\"762\" height=\"437\" src=\"https:\/\/neanoticias.com\/wp-content\/uploads\/2023\/10\/1327828w762h437c.jpg.webp\" alt=\"\" class=\"wp-image-971\" srcset=\"https:\/\/neanoticias.com\/wp-content\/uploads\/2023\/10\/1327828w762h437c.jpg.webp 762w, https:\/\/neanoticias.com\/wp-content\/uploads\/2023\/10\/1327828w762h437c.jpg-300x172.webp 300w\" sizes=\"(max-width: 762px) 100vw, 762px\" \/><\/figure>\n\n\n\n<p>El confuso procedimiento confront\u00f3 por momentos a los efectivos que buscaban el veh\u00edculo y a quienes hab\u00edan &#8220;retirado&#8221; del estacionamiento. El veh\u00edculo fue recuperado horas despu\u00e9s y se abri\u00f3 una investigaci\u00f3n interna por el caso.<\/p>\n\n\n\n<p>La denuncia por el robo de un autom\u00f3vil estacionado en pleno centro de la capital correntina caus\u00f3 un gran revuelo policial, luego de que se descubriera que en realidad hab\u00eda sido secuestrado del garaje privado por dos efectivos de la fuerza, ante el reclamo de un hombre de la comunidad gitana que denunci\u00f3 que quien lo manejaba le deb\u00eda dinero por aquel rodado y habr\u00eda pedido como &#8220;favor personal&#8221;, que se concrete aquel operativo. El caso se torn\u00f3 complejo, ya que no se siguieron los protocolos legales para tal procedimiento y por momentos, se puso a buscar a toda la Polic\u00eda, un veh\u00edculo que hab\u00eda secuestrado la misma fuerza, indicaron fuentes allegadas al caso.<\/p>\n\n\n\n<p>El hecho en cuesti\u00f3n ocurri\u00f3 alrededor de las 21 del lunes, en un estacionamiento ubicado por calle Mendoza al 1000, donde un hombre, cuya identidad no fue revelada, oriundo de San Cosme, hab\u00eda estacionado su autom\u00f3vil Toyota Etios y se retir\u00f3 del lugar. Minutos m\u00e1s tarde, llegaron dos hombres a bordo de una camioneta no identificable, acompa\u00f1ado de un tercero, que se habr\u00edan identificado como efectivos policiales ante el playero y le notificaron que har\u00edan el &#8220;secuestro del veh\u00edculo por estar involucrado con un robo&#8221;, aunque esta acci\u00f3n habr\u00eda sucedido sin ninguna orden exhibida al cuidador del estacionamiento, pero al ver las placas, no dud\u00f3 en entregar las llaves del veh\u00edculo.<\/p>\n\n\n\n<p>El tercer ocupante de la camioneta fue quien habr\u00eda subido al auto &#8220;incautado&#8221; y junto a los polic\u00edas en la camioneta se retiraron del lugar.<\/p>\n\n\n\n<p>El problema sucedi\u00f3 un rato despu\u00e9s, cuando se present\u00f3 al garaje privado quien lo hab\u00eda dejado estacionado en aquella playa c\u00e9ntrica y fue notificado de que dos polic\u00edas se hab\u00edan llevado el veh\u00edculo. La supuesta v\u00edctima llam\u00f3 al 911 dando aviso que le hab\u00edan robado el auto y desde ese momento se implant\u00f3 un operativo cerrojo. Por momentos fue todo confusi\u00f3n, ya que se moviliz\u00f3 a todas las patrullas de la zona a buscar un veh\u00edculo que hab\u00eda sido &#8220;decomisado&#8221; por la propia fuerza, en circunstancias no claras.<\/p>\n\n\n\n<p>Una hora m\u00e1s tarde, comenz\u00f3 a aclararse la situaci\u00f3n cuando surgi\u00f3 el dato que &#8220;al parecer el poseedor del Toyota, adeudar\u00eda una suma de dinero a la persona que se lo hab\u00eda vendido y este habr\u00eda echado mano a su relaci\u00f3n de amistad con algunos elementos de la fuerza para poder recuperarlo; utilizando para ello una manera sumamente desprolija&#8221;, explic\u00f3 un alto jefe de la fuerza a este medio.<\/p>\n\n\n\n<h2>Todos a la comisar\u00eda<\/h2>\n\n\n\n<p>Todo parece indicar que el incidente qued\u00f3 aclarado luego de que las partes fueron citadas a la dependencia policial de Delitos Complejos, donde adem\u00e1s se le hab\u00eda solicitado que lleven la documentaci\u00f3n del autom\u00f3vil en cuesti\u00f3n. En tanto, el procedimiento policial fue el que qued\u00f3 bajo la lupa, teniendo en cuenta que no se habr\u00eda llevado a cabo con denuncia previa y una orden judicial para requisar, ni mucho menos secuestrar el autom\u00f3vil, tal como lo manda la ley. El veh\u00edculo no qued\u00f3 secuestrado y por el hecho se formaliz\u00f3 una exposici\u00f3n.<\/p>\n\n\n\n<p>Voceros oficiales confirmaron ayer el hecho y, aunque no hicieron alusi\u00f3n al procedimiento que desencaden\u00f3 semejante revuelo, se sabe que se abri\u00f3 una investigaci\u00f3n interna por el proceder irregular.<\/p>\n","protected":false},"excerpt":{"rendered":"<p>El confuso procedimiento confront\u00f3 por momentos a los efectivos que buscaban el veh\u00edculo y a&#8230;<\/p>\n","protected":false},"author":1,"featured_media":971,"comment_status":"open","ping_status":"open","sticky":false,"template":"","format":"standard","meta":[],"categories":[1],"tags":[],"_links":{"self":[{"href":"https:\/\/neanoticias.com\/index.php\/wp-json\/wp\/v2\/posts\/970"}],"collection":[{"href":"https:\/\/neanoticias.com\/index.php\/wp-json\/wp\/v2\/posts"}],"about":[{"href":"https:\/\/neanoticias.com\/index.php\/wp-json\/wp\/v2\/types\/post"}],"author":[{"embeddable":true,"href":"https:\/\/neanoticias.com\/index.php\/wp-json\/wp\/v2\/users\/1"}],"replies":[{"embeddable":true,"href":"https:\/\/neanoticias.com\/index.php\/wp-json\/wp\/v2\/comments?post=970"}],"version-history":[{"count":1,"href":"https:\/\/neanoticias.com\/index.php\/wp-json\/wp\/v2\/posts\/970\/revisions"}],"predecessor-version":[{"id":972,"href":"https:\/\/neanoticias.com\/index.php\/wp-json\/wp\/v2\/posts\/970\/revisions\/972"}],"wp:featuredmedia":[{"embeddable":true,"href":"https:\/\/neanoticias.com\/index.php\/wp-json\/wp\/v2\/media\/971"}],"wp:attachment":[{"href":"https:\/\/neanoticias.com\/index.php\/wp-json\/wp\/v2\/media?parent=970"}],"wp:term":[{"taxonomy":"category","embeddable":true,"href":"https:\/\/neanoticias.com\/index.php\/wp-json\/wp\/v2\/categories?post=970"},{"taxonomy":"post_tag","embeddable":true,"href":"https:\/\/neanoticias.com\/index.php\/wp-json\/wp\/v2\/tags?post=970"}],"curies":[{"name":"wp","href":"https:\/\/api.w.org\/{rel}","templated":true}]}}