{"id":961,"date":"2023-10-27T15:32:46","date_gmt":"2023-10-27T15:32:46","guid":{"rendered":"https:\/\/neanoticias.com\/?p=961"},"modified":"2023-10-27T15:32:47","modified_gmt":"2023-10-27T15:32:47","slug":"amenazo-de-muerte-a-su-expareja-e-ira-tres-anos-a-prision","status":"publish","type":"post","link":"https:\/\/neanoticias.com\/index.php\/2023\/10\/27\/amenazo-de-muerte-a-su-expareja-e-ira-tres-anos-a-prision\/","title":{"rendered":"AMENAZ\u00d3 DE MUERTE A SU EXPAREJA E IR\u00c1 TRES A\u00d1OS A PRISI\u00d3N"},"content":{"rendered":"\n<p>La condena qued\u00f3 firme y la prisi\u00f3n efectiva. Lo resolvi\u00f3 el STJ. Atac\u00f3 a su exconcubina con un arma de fuego.<\/p>\n\n\n\n<figure class=\"wp-block-image size-full\"><img loading=\"lazy\" width=\"762\" height=\"520\" src=\"https:\/\/neanoticias.com\/wp-content\/uploads\/2023\/10\/1327832w762h520c.jpg.webp\" alt=\"\" class=\"wp-image-962\" srcset=\"https:\/\/neanoticias.com\/wp-content\/uploads\/2023\/10\/1327832w762h520c.jpg.webp 762w, https:\/\/neanoticias.com\/wp-content\/uploads\/2023\/10\/1327832w762h520c.jpg-300x205.webp 300w\" sizes=\"(max-width: 762px) 100vw, 762px\" \/><\/figure>\n\n\n\n<p>Desde el Superior Tribunal de Justicia (STJ) confirmaron tres a\u00f1os de prisi\u00f3n efectiva para un hombre que encerr\u00f3 a su expareja y la amenaz\u00f3 con un arma de fuego, hecho ocurrido en junio de 2021 y sentenciado a principios de este a\u00f1o por el Tribunal Unipersonal de Goya a cargo de Ricardo Diego Carbajal.<\/p>\n\n\n\n<p>El STJ consider\u00f3 que los agravios de la defensa no tuvieron sustento, ya que la sentencia explica razonadamente los hechos que se han acreditado que responden correctamente al engarce probatorio que lo respalda, asimismo corroborada la autor\u00eda del imputado y la calificaci\u00f3n legal asignada que sustentan la pena impuesta.<\/p>\n\n\n\n<p>El primer voto fue de Alejandro Alberto Cha\u00edn y lo acompa\u00f1aron Eduardo Panseri, Guillermo Horacio Semhan, Luis Eduardo Rey V\u00e1zquez y Fernando Augusto Niz.<\/p>\n\n\n\n<p>As\u00ed, el STJ confirm\u00f3 el fallo del Tribunal de Juicio Unipersonal de Goya a cargo de Ricardo Diego Carbajal quien conden\u00f3 a tres a\u00f1os de prisi\u00f3n efectiva a un hombre que amenaz\u00f3 dos veces en contexto de violencia de g\u00e9nero a su exmujer y madre de su hijo, y la encerr\u00f3 en una habitaci\u00f3n apunt\u00e1ndola con un arma.<\/p>\n\n\n\n<h2>Los hechos<\/h2>\n\n\n\n<p>Qued\u00f3 probado ante el debate que la pareja convivi\u00f3 durante cinco a\u00f1os y tuvieron un hijo.<\/p>\n\n\n\n<p>En enero de 2021, ella decidi\u00f3 separarse y fue a vivir con una t\u00eda.<\/p>\n\n\n\n<p>Unos meses despu\u00e9s de finalizada la relaci\u00f3n cuando estaba en una plaza de la ciudad de Esquina lleg\u00f3 su expareja y la amenaz\u00f3 dici\u00e9ndole que le iba a pegar.<\/p>\n\n\n\n<p>Esta fue una de las denuncias de la mujer ante la Justicia.<\/p>\n\n\n\n<p>Pero el ataque m\u00e1s grave fue el 22 de junio de 2021, cuando la mujer sali\u00f3 de su casa para llevar a la escuela al hijo de ambos. El ahora condenado la tom\u00f3 por la fuerza, le tap\u00f3 la boca mientras la insultaba y la encerr\u00f3 en su casa.<\/p>\n\n\n\n<p>La tir\u00f3 a la cama, se le subi\u00f3 encima y le puso una almohada en la cabeza porque ella gritaba pidiendo ayuda.<\/p>\n\n\n\n<p>En ese momento fue que le exhibi\u00f3 un arma tipo pistola, color negro y la tuvo encerrada all\u00ed por dos horas, aproximadamente.<\/p>\n\n\n\n<p>&#8220;En todo momento estuvo encima de ella, quien forcejeaba para que la suelte hasta que en un momento dado le pudo dar un golpe en el est\u00f3mago y sali\u00f3 corriendo&#8221;, se destac\u00f3 en la audiencia.<\/p>\n\n\n\n<p>Otra de las denuncias que qued\u00f3 por probada durante el debate fue el 23 de septiembre de 2021, cuando a las 18:30 la mujer sali\u00f3 de su domicilio para vender unos productos.<\/p>\n\n\n\n<p>El hombre le apareci\u00f3 en el camino y comenz\u00f3 a proferirle insultos, la amenaz\u00f3 y le dijo que &#8220;si la ve\u00eda con otro macho, la iba a matar&#8221;.<\/p>\n\n\n\n<p>Ahora el hombre deber\u00e1 cumplir condena de tres a\u00f1os de prisi\u00f3n por el delito en contexto de violencia de g\u00e9nero. La sentencia qued\u00f3 firme. Su traslado ser\u00e1 a la Unidad Penal.<\/p>\n","protected":false},"excerpt":{"rendered":"<p>La condena qued\u00f3 firme y la prisi\u00f3n efectiva. Lo resolvi\u00f3 el STJ. Atac\u00f3 a su&#8230;<\/p>\n","protected":false},"author":1,"featured_media":962,"comment_status":"open","ping_status":"open","sticky":false,"template":"","format":"standard","meta":[],"categories":[1],"tags":[],"_links":{"self":[{"href":"https:\/\/neanoticias.com\/index.php\/wp-json\/wp\/v2\/posts\/961"}],"collection":[{"href":"https:\/\/neanoticias.com\/index.php\/wp-json\/wp\/v2\/posts"}],"about":[{"href":"https:\/\/neanoticias.com\/index.php\/wp-json\/wp\/v2\/types\/post"}],"author":[{"embeddable":true,"href":"https:\/\/neanoticias.com\/index.php\/wp-json\/wp\/v2\/users\/1"}],"replies":[{"embeddable":true,"href":"https:\/\/neanoticias.com\/index.php\/wp-json\/wp\/v2\/comments?post=961"}],"version-history":[{"count":1,"href":"https:\/\/neanoticias.com\/index.php\/wp-json\/wp\/v2\/posts\/961\/revisions"}],"predecessor-version":[{"id":963,"href":"https:\/\/neanoticias.com\/index.php\/wp-json\/wp\/v2\/posts\/961\/revisions\/963"}],"wp:featuredmedia":[{"embeddable":true,"href":"https:\/\/neanoticias.com\/index.php\/wp-json\/wp\/v2\/media\/962"}],"wp:attachment":[{"href":"https:\/\/neanoticias.com\/index.php\/wp-json\/wp\/v2\/media?parent=961"}],"wp:term":[{"taxonomy":"category","embeddable":true,"href":"https:\/\/neanoticias.com\/index.php\/wp-json\/wp\/v2\/categories?post=961"},{"taxonomy":"post_tag","embeddable":true,"href":"https:\/\/neanoticias.com\/index.php\/wp-json\/wp\/v2\/tags?post=961"}],"curies":[{"name":"wp","href":"https:\/\/api.w.org\/{rel}","templated":true}]}}