{"id":957,"date":"2023-10-27T15:21:44","date_gmt":"2023-10-27T15:21:44","guid":{"rendered":"https:\/\/neanoticias.com\/?p=957"},"modified":"2023-10-27T15:21:45","modified_gmt":"2023-10-27T15:21:45","slug":"tassano-con-valdes-en-el-doctor-montana-seguimos-trabajando-por-una-ciudad-moderna-y-descentralizada","status":"publish","type":"post","link":"https:\/\/neanoticias.com\/index.php\/2023\/10\/27\/tassano-con-valdes-en-el-doctor-montana-seguimos-trabajando-por-una-ciudad-moderna-y-descentralizada\/","title":{"rendered":"TASSANO CON VALD\u00c9S EN EL DOCTOR MONTA\u00d1A: \u201cSEGUIMOS TRABAJANDO POR UNA CIUDAD MODERNA Y DESCENTRALIZADA\u201d"},"content":{"rendered":"\n<p><em>\u201cCuidando la econom\u00eda es posible realizar las obras en conjunto con el Gobierno provincial\u201d, remarc\u00f3 el intendente tras el acto en que habilitaron en el barrio del sur de Capital 25 cuadras de cord\u00f3n cuneta, ripio y luces led. Con este estrat\u00e9gico trabajo mancomunados entre Provincia y Municipio se logra renovar notoriamente la infraestructura vial de la zona aportando seguridad en la circulaci\u00f3n y mejora en la calidad de vida a los vecinos.<\/em><\/p>\n\n\n\n<figure class=\"wp-block-image size-large\"><img loading=\"lazy\" width=\"1024\" height=\"683\" src=\"https:\/\/neanoticias.com\/wp-content\/uploads\/2023\/10\/image-3-1024x683.png\" alt=\"\" class=\"wp-image-958\" srcset=\"https:\/\/neanoticias.com\/wp-content\/uploads\/2023\/10\/image-3-1024x683.png 1024w, https:\/\/neanoticias.com\/wp-content\/uploads\/2023\/10\/image-3-300x200.png 300w, https:\/\/neanoticias.com\/wp-content\/uploads\/2023\/10\/image-3-768x512.png 768w, https:\/\/neanoticias.com\/wp-content\/uploads\/2023\/10\/image-3.png 1140w\" sizes=\"(max-width: 1024px) 100vw, 1024px\" \/><\/figure>\n\n\n\n<p>El intendente Eduardo Tassano acompa\u00f1\u00f3 al gobernador Gustavo Vald\u00e9s en la inauguraci\u00f3n de 25 cuadras de cord\u00f3n cuneta, ripio y luces led en el barrio Doctor Monta\u00f1a, una serie de importantes obras de infraestructura urbana que fueron concretadas gracias al trabajo articulado entre el Gobierno provincial y el Municipio capitalino que se implementa de manera estrat\u00e9gica para continuar transformando la ciudad.<\/p>\n\n\n\n<p>Los trabajos ejecutados posibilitar\u00e1n una mayor circulaci\u00f3n vehicular y transitabilidad en la zona, como as\u00ed tambi\u00e9n permitir\u00e1 que los vecinos de los barrios lindantes puedan conectarse con mejor facilidad con otras las \u00e1reas de la ciudad.<\/p>\n\n\n\n<p>En el Doctor Monta\u00f1a ya se trabaj\u00f3 en dos primeras etapas de obra. La primera contempl\u00f3 2.320 metros lineales de cord\u00f3n cuneta, que abarcaron 13 cuadras, donde tambi\u00e9n se instalaron 42 estructuras de iluminaci\u00f3n p\u00fablica con luces led. En la segunda fase fueron 2.100 metros lineales, en 14 cuadras y con 41 estructuras de luces led, seg\u00fan la informaci\u00f3n aportada por el \u00e1rea municipal de Infraestructura.<\/p>\n\n\n\n<p>Hasta ah\u00ed, en total fueron 4.420 metros lineales, 27 cuadras y 83 luces led.<\/p>\n\n\n\n<p>En esta tercera etapa de obras en el Monta\u00f1a, se concluyeron 4.130&nbsp;metros lineales de cord\u00f3n cuneta abarcando 25 cuadras.<\/p>\n\n\n\n<p>PROVINCIA-MUNICIPIO, JUNTOS<\/p>\n\n\n\n<p>Adem\u00e1s de Tassano, por la Municipalidad de Corrientes tambi\u00e9n acompa\u00f1aron el acto los secretarios de Infraestructura, Math\u00edas Cabrera; el de Coordinaci\u00f3n de Gobierno, Hugo Calvano; dem\u00e1s funcionarios comunales y concejales.<\/p>\n\n\n\n<p>Por la Provincia, participaron el ministro de Obras P\u00fablicas, Claudio Polich; otros integrantes del Gabinete y legisladores nacionales y provinciales.<\/p>\n\n\n\n<p>\u201cVenimos realizando acciones en conjunto con el Municipio para la transformaci\u00f3n de los barrios\u201d, expres\u00f3 el gobernador Gustavo Vald\u00e9s al hacer uso de la palabra previo al corte de cinta de las obras.<\/p>\n\n\n\n<p>Adem\u00e1s, remarc\u00f3 que \u201cpor primera vez, la Provincia y la Municipalidad llevan adelante de manera mancomunada 28 frentes de obras en la ciudad\u201d, donde el \u201c\u00fanico beneficiado es el vecino\u201d, valor\u00f3.<\/p>\n\n\n\n<p>PENSANDO EN LA CIUDAD MODERNA<\/p>\n\n\n\n<p>\u201cEste barrio es un proyecto de hace muchos a\u00f1os que venimos trabajando junto con la Provincia\u201d, comenz\u00f3 diciendo el intendente al recordar los inicios de las obras ejecutadas en el barrio Doctor Monta\u00f1a donde \u201cse instal\u00f3 iluminaci\u00f3n en toda la zona, se mejoraron las conexiones entre los barrios, sabiendo que estamos cerca del Santa Catalina, que ser\u00e1 un verdadero un polo de desarrollo\u201d.<\/p>\n\n\n\n<p>En esa l\u00ednea, Tassano remarc\u00f3: \u201cSeguimos trabajando para tener una ciudad moderna y descentralizada\u201d, dijo haciendo referencia unos de los objetivos centrales de su gesti\u00f3n.<\/p>\n\n\n\n<p>A su vez, destac\u00f3 el cambio que se produjo en la zona del Monta\u00f1a: \u201cEmpezamos con muchas obras peque\u00f1as, como entubamiento, y luego seguimos con las calles\u201d, record\u00f3 y resalt\u00f3 a continuaci\u00f3n: \u201cConstituyeron un gran salto las obras de la costanera en la zona del arroyo Pirayu\u00ed, donde ampliamos los espacios para los vecinos y hoy pudimos redoblar la apuesta de mejoras de la ciudad\u201d.<\/p>\n\n\n\n<p>Para concluir, el intendente resalt\u00f3 que \u201ccuidando la econom\u00eda es posible realizar las obras en conjunto con la Provincia pensando en los vecinos\u201d.<\/p>\n\n\n\n<p>MEJORAS EN LOS BARRIOS<\/p>\n\n\n\n<p>Por su parte, el secretario de Infraestructura, Math\u00edas Cabrera remarc\u00f3 el trabajo articulado del Municipio y la Provincia para la concreci\u00f3n de las obras en el barrio Doctor Monta\u00f1a y record\u00f3 la metodolog\u00eda: \u201cNosotros nos hac\u00edamos cargo de la infraestructura de la zona norte que faltaba en este barrio y la Provincia se hac\u00eda cargo del sector sur. Y venimos trabajado muy bien\u201d, asegur\u00f3.<\/p>\n\n\n\n<p>Seguidamente, el funcionario adelant\u00f3 que \u201cestamos a punto de terminar m\u00e1s de 25 cuadras donde contamos con un 90% de la obra donde ya se comenz\u00f3 a enripiarse y con la colocaci\u00f3n de luminarias led\u201d.<\/p>\n\n\n\n<p>\u201cCon estas obras vamos a tener m\u00e1s de 50 cuadras completas en este barrio que tanta falta les hac\u00eda\u201d, afirm\u00f3 refiri\u00e9ndose a las mejoras de calidad de vida y transitabilidad que aportan estas acciones.<\/p>\n\n\n\n<p>A su vez, Cabrera resalt\u00f3 que desde el Municipio \u201cseguimos con los ocho frentes de cord\u00f3n cuneta en diferentes puntos de la ciudad y tambi\u00e9n avanzamos con las obras de cloacas para dar respuestas a los vecinos\u201d.<\/p>\n\n\n\n<p>AGRADECIMIENTO DE VECINOS<\/p>\n\n\n\n<p>Luciana Avalos es una vecina del barrio Esperanza, lindante al Monta\u00f1a, y fue parte de la inauguraci\u00f3n de las obras viales, ocasi\u00f3n en que destac\u00f3 las mejoras para ambas zonas ya que \u201cahora podemos estar conectados y llegar a los puntos m\u00e1s lejanos del barrio\u201d.<\/p>\n\n\n\n<p>\u201cAgradecemos a la Provincia y el Municipio por la respuesta y vamos por m\u00e1s\u201d, expres\u00f3 finalmente la vecina.<\/p>\n","protected":false},"excerpt":{"rendered":"<p>\u201cCuidando la econom\u00eda es posible realizar las obras en conjunto con el Gobierno provincial\u201d, remarc\u00f3&#8230;<\/p>\n","protected":false},"author":1,"featured_media":958,"comment_status":"open","ping_status":"open","sticky":false,"template":"","format":"standard","meta":[],"categories":[1],"tags":[],"_links":{"self":[{"href":"https:\/\/neanoticias.com\/index.php\/wp-json\/wp\/v2\/posts\/957"}],"collection":[{"href":"https:\/\/neanoticias.com\/index.php\/wp-json\/wp\/v2\/posts"}],"about":[{"href":"https:\/\/neanoticias.com\/index.php\/wp-json\/wp\/v2\/types\/post"}],"author":[{"embeddable":true,"href":"https:\/\/neanoticias.com\/index.php\/wp-json\/wp\/v2\/users\/1"}],"replies":[{"embeddable":true,"href":"https:\/\/neanoticias.com\/index.php\/wp-json\/wp\/v2\/comments?post=957"}],"version-history":[{"count":1,"href":"https:\/\/neanoticias.com\/index.php\/wp-json\/wp\/v2\/posts\/957\/revisions"}],"predecessor-version":[{"id":959,"href":"https:\/\/neanoticias.com\/index.php\/wp-json\/wp\/v2\/posts\/957\/revisions\/959"}],"wp:featuredmedia":[{"embeddable":true,"href":"https:\/\/neanoticias.com\/index.php\/wp-json\/wp\/v2\/media\/958"}],"wp:attachment":[{"href":"https:\/\/neanoticias.com\/index.php\/wp-json\/wp\/v2\/media?parent=957"}],"wp:term":[{"taxonomy":"category","embeddable":true,"href":"https:\/\/neanoticias.com\/index.php\/wp-json\/wp\/v2\/categories?post=957"},{"taxonomy":"post_tag","embeddable":true,"href":"https:\/\/neanoticias.com\/index.php\/wp-json\/wp\/v2\/tags?post=957"}],"curies":[{"name":"wp","href":"https:\/\/api.w.org\/{rel}","templated":true}]}}