{"id":954,"date":"2023-10-27T15:20:44","date_gmt":"2023-10-27T15:20:44","guid":{"rendered":"https:\/\/neanoticias.com\/?p=954"},"modified":"2023-10-27T15:20:45","modified_gmt":"2023-10-27T15:20:45","slug":"hallan-a-menor-correntina-perdida-hace-meses","status":"publish","type":"post","link":"https:\/\/neanoticias.com\/index.php\/2023\/10\/27\/hallan-a-menor-correntina-perdida-hace-meses\/","title":{"rendered":"HALLAN A MENOR CORRENTINA PERDIDA HACE MESES"},"content":{"rendered":"\n<p>Una adolescente de 17 a\u00f1os que desde hace cuatro meses estaba desaparecida, fue hallada ayer por efectivos de la Gendarmer\u00eda Nacional, durante un control vehicular, viajando como acompa\u00f1ante de un camionero en la provincia de Santiago del Estero, sin ning\u00fan tipo de documento personal en su poder, informaron ayer desde la fuerza.<\/p>\n\n\n\n<figure class=\"wp-block-image size-full\"><img loading=\"lazy\" width=\"762\" height=\"878\" src=\"https:\/\/neanoticias.com\/wp-content\/uploads\/2023\/10\/1328154w762h878c.jpg.webp\" alt=\"\" class=\"wp-image-955\" srcset=\"https:\/\/neanoticias.com\/wp-content\/uploads\/2023\/10\/1328154w762h878c.jpg.webp 762w, https:\/\/neanoticias.com\/wp-content\/uploads\/2023\/10\/1328154w762h878c.jpg-260x300.webp 260w\" sizes=\"(max-width: 762px) 100vw, 762px\" \/><\/figure>\n\n\n\n<p>El procedimiento lo realizaron el mi\u00e9rcoles por la noche, personal de la Secci\u00f3n &#8220;Quimil\u00ed&#8221;, del Escuadr\u00f3n 59 &#8220;Santiago del Estero&#8221;, quienes demoraron un cami\u00f3n de cargas que ten\u00eda itinerario Chaco-Santa Fe, conducido por un hombre mayor de edad. En la primera inspecci\u00f3n ocular, los uniformados notaron la presencia de una menor, por lo que de inmediato solicitaron los documentos de ambos. La adolescente no contaba con nada que acredite su identidad, por lo que se consult\u00f3 con el Sistema Federal de Comunicaciones Policiales, que revel\u00f3 que la menor contaba con prohibici\u00f3n de salida del pa\u00eds y localizaci\u00f3n por parte del juzgado de Familia, Ni\u00f1ez y Adolescencia N\u00b04 de Corrientes desde el mes de junio.<\/p>\n\n\n\n<p>La menor fue alojada en la Comisar\u00eda de la Mujer de Quimil\u00ed y se dio intervenci\u00f3n a la Fiscal\u00eda de Instrucci\u00f3n de Santiago del Estero con conocimiento de la Divisi\u00f3n Trata. El camionero qued\u00f3 demorado y a disposici\u00f3n de la Justicia.<\/p>\n","protected":false},"excerpt":{"rendered":"<p>Una adolescente de 17 a\u00f1os que desde hace cuatro meses estaba desaparecida, fue hallada ayer&#8230;<\/p>\n","protected":false},"author":1,"featured_media":955,"comment_status":"open","ping_status":"open","sticky":false,"template":"","format":"standard","meta":[],"categories":[1],"tags":[],"_links":{"self":[{"href":"https:\/\/neanoticias.com\/index.php\/wp-json\/wp\/v2\/posts\/954"}],"collection":[{"href":"https:\/\/neanoticias.com\/index.php\/wp-json\/wp\/v2\/posts"}],"about":[{"href":"https:\/\/neanoticias.com\/index.php\/wp-json\/wp\/v2\/types\/post"}],"author":[{"embeddable":true,"href":"https:\/\/neanoticias.com\/index.php\/wp-json\/wp\/v2\/users\/1"}],"replies":[{"embeddable":true,"href":"https:\/\/neanoticias.com\/index.php\/wp-json\/wp\/v2\/comments?post=954"}],"version-history":[{"count":1,"href":"https:\/\/neanoticias.com\/index.php\/wp-json\/wp\/v2\/posts\/954\/revisions"}],"predecessor-version":[{"id":956,"href":"https:\/\/neanoticias.com\/index.php\/wp-json\/wp\/v2\/posts\/954\/revisions\/956"}],"wp:featuredmedia":[{"embeddable":true,"href":"https:\/\/neanoticias.com\/index.php\/wp-json\/wp\/v2\/media\/955"}],"wp:attachment":[{"href":"https:\/\/neanoticias.com\/index.php\/wp-json\/wp\/v2\/media?parent=954"}],"wp:term":[{"taxonomy":"category","embeddable":true,"href":"https:\/\/neanoticias.com\/index.php\/wp-json\/wp\/v2\/categories?post=954"},{"taxonomy":"post_tag","embeddable":true,"href":"https:\/\/neanoticias.com\/index.php\/wp-json\/wp\/v2\/tags?post=954"}],"curies":[{"name":"wp","href":"https:\/\/api.w.org\/{rel}","templated":true}]}}