{"id":951,"date":"2023-10-27T15:19:46","date_gmt":"2023-10-27T15:19:46","guid":{"rendered":"https:\/\/neanoticias.com\/?p=951"},"modified":"2023-10-27T15:19:47","modified_gmt":"2023-10-27T15:19:47","slug":"murio-joven-que-robando-cables-se-electrocuto","status":"publish","type":"post","link":"https:\/\/neanoticias.com\/index.php\/2023\/10\/27\/murio-joven-que-robando-cables-se-electrocuto\/","title":{"rendered":"MURI\u00d3 JOVEN QUE ROBANDO CABLES SE ELECTROCUT\u00d3"},"content":{"rendered":"\n<p>Un joven de 22 a\u00f1os que se encontraba internado en grav\u00edsimo estado desde el fin de semana, luego de recibir una fuerte descarga el\u00e9ctrica cuando robaba cables de un transformador en el barrio Parque Ingeniero Serantes, falleci\u00f3 ayer como consecuencia de la gravedad de sus lesiones.<\/p>\n\n\n\n<figure class=\"wp-block-image size-full\"><img loading=\"lazy\" width=\"762\" height=\"751\" src=\"https:\/\/neanoticias.com\/wp-content\/uploads\/2023\/10\/1327837w762h751c.jpg.webp\" alt=\"\" class=\"wp-image-952\" srcset=\"https:\/\/neanoticias.com\/wp-content\/uploads\/2023\/10\/1327837w762h751c.jpg.webp 762w, https:\/\/neanoticias.com\/wp-content\/uploads\/2023\/10\/1327837w762h751c.jpg-300x296.webp 300w\" sizes=\"(max-width: 762px) 100vw, 762px\" \/><\/figure>\n\n\n\n<p>Se trata de un muchacho de apellido Gonz\u00e1lez, quien manipulaba cables de alta tensi\u00f3n cuando recibi\u00f3 una fuert\u00edsima descarga el\u00e9ctrica de miles de voltios, que atravesaron su cuerpo y lo tiraron varios metros por el aire cayendo inconsciente al piso con serias heridas en su cuerpo. Vecinos del lugar le habr\u00edan dicho a la Polic\u00eda, que al parecer, el joven intentaba sustraer parte del cableado al momento de ocurrir el incidente.<\/p>\n\n\n\n<p>Fue por calle Las Piedras y Vald\u00e9s Pe\u00f1a, hasta donde llegaron las unidades m\u00e9dicas. El joven fue trasladado de urgencia hacia el Hospital Escuela en el que qued\u00f3 internado en estado de coma y con serio riesgo de vida por la gravedad de sus heridas, seg\u00fan indicaron los m\u00e9dicos en ese momento. Ayer, fuentes oficiales confirmaron su deceso.<\/p>\n","protected":false},"excerpt":{"rendered":"<p>Un joven de 22 a\u00f1os que se encontraba internado en grav\u00edsimo estado desde el fin&#8230;<\/p>\n","protected":false},"author":1,"featured_media":952,"comment_status":"open","ping_status":"open","sticky":false,"template":"","format":"standard","meta":[],"categories":[1],"tags":[],"_links":{"self":[{"href":"https:\/\/neanoticias.com\/index.php\/wp-json\/wp\/v2\/posts\/951"}],"collection":[{"href":"https:\/\/neanoticias.com\/index.php\/wp-json\/wp\/v2\/posts"}],"about":[{"href":"https:\/\/neanoticias.com\/index.php\/wp-json\/wp\/v2\/types\/post"}],"author":[{"embeddable":true,"href":"https:\/\/neanoticias.com\/index.php\/wp-json\/wp\/v2\/users\/1"}],"replies":[{"embeddable":true,"href":"https:\/\/neanoticias.com\/index.php\/wp-json\/wp\/v2\/comments?post=951"}],"version-history":[{"count":1,"href":"https:\/\/neanoticias.com\/index.php\/wp-json\/wp\/v2\/posts\/951\/revisions"}],"predecessor-version":[{"id":953,"href":"https:\/\/neanoticias.com\/index.php\/wp-json\/wp\/v2\/posts\/951\/revisions\/953"}],"wp:featuredmedia":[{"embeddable":true,"href":"https:\/\/neanoticias.com\/index.php\/wp-json\/wp\/v2\/media\/952"}],"wp:attachment":[{"href":"https:\/\/neanoticias.com\/index.php\/wp-json\/wp\/v2\/media?parent=951"}],"wp:term":[{"taxonomy":"category","embeddable":true,"href":"https:\/\/neanoticias.com\/index.php\/wp-json\/wp\/v2\/categories?post=951"},{"taxonomy":"post_tag","embeddable":true,"href":"https:\/\/neanoticias.com\/index.php\/wp-json\/wp\/v2\/tags?post=951"}],"curies":[{"name":"wp","href":"https:\/\/api.w.org\/{rel}","templated":true}]}}