{"id":946,"date":"2023-09-11T11:42:00","date_gmt":"2023-09-11T11:42:00","guid":{"rendered":"https:\/\/neanoticias.com\/?p=946"},"modified":"2023-10-03T11:43:36","modified_gmt":"2023-10-03T11:43:36","slug":"defensa-de-la-educacion-publica-larroza-valdes-y-bullrich-se-reunen-en-torno-al-presupuesto-universitario","status":"publish","type":"post","link":"https:\/\/neanoticias.com\/index.php\/2023\/09\/11\/defensa-de-la-educacion-publica-larroza-valdes-y-bullrich-se-reunen-en-torno-al-presupuesto-universitario\/","title":{"rendered":"DEFENSA DE LA EDUCACI\u00d3N P\u00daBLICA: LARROZA, VALD\u00c9S Y BULLRICH SE RE\u00daNEN EN TORNO AL PRESUPUESTO UNIVERSITARIO"},"content":{"rendered":"\n<figure class=\"wp-block-image size-full\"><img loading=\"lazy\" width=\"770\" height=\"552\" src=\"https:\/\/neanoticias.com\/wp-content\/uploads\/2023\/10\/image-2.png\" alt=\"\" class=\"wp-image-947\" srcset=\"https:\/\/neanoticias.com\/wp-content\/uploads\/2023\/10\/image-2.png 770w, https:\/\/neanoticias.com\/wp-content\/uploads\/2023\/10\/image-2-300x215.png 300w, https:\/\/neanoticias.com\/wp-content\/uploads\/2023\/10\/image-2-768x551.png 768w\" sizes=\"(max-width: 770px) 100vw, 770px\" \/><\/figure>\n\n\n\n<p>Los rectores y rectoras de las 70 universidades p\u00fablicas de Argentina, que forman parte del Consejo Interuniversitario Nacional (CIN), se reunieron en la Universidad Nacional de San Luis (UNSL) para abordar un tema de gran relevancia: el presupuesto universitario para el a\u00f1o 2024. Este encuentro cobra especial importancia en un contexto electoral donde diversas alternativas pol\u00edticas han expresado su inter\u00e9s en recortar los recursos destinados a las instituciones de educaci\u00f3n superior.<\/p>\n\n\n\n<p>El rector de la Universidad Nacional del Nordeste, Dr. Omar Larroza, destac\u00f3 la importancia de garantizar una educaci\u00f3n superior de calidad y accesible para todos los argentinos en un momento en el que las decisiones sobre el financiamiento de las universidades pueden influir en las plataformas pol\u00edticas y en la sociedad en general.<\/p>\n\n\n\n<p>Previamente a esta reuni\u00f3n en San Luis, una docena de rectores del bloque reformista se hab\u00edan reunido en Corrientes para coordinar la posici\u00f3n que llevar\u00edan al plenario del CIN.<\/p>\n\n\n\n<p>El \u00e9nfasis en la defensa de la educaci\u00f3n p\u00fablica fue un punto central tanto en la reuni\u00f3n del bloque reformista como en la reuni\u00f3n en San Luis. Esto adquiere una relevancia significativa en un contexto electoral, considerando los pr\u00f3ximos comicios presidenciales. Respecto a esto, el dr. Larroza adelant\u00f3 a este medio que tiene previsto junto a sus pares reunirse con la candidata de JxC, Patricia Bullrich, encuentro del cual tambi\u00e9n participar\u00eda el gobernador Gustavo Vald\u00e9s.<\/p>\n\n\n\n<p>&#8220;Desde nuestra matriz de trabajo nos vamos a reunir el pr\u00f3ximo mi\u00e9rcoles a las 11 con Patricia Bullrich, ella nos recibir\u00e1 y ah\u00ed vamos a poder expresar los aspectos de la educaci\u00f3n superior y vamos a estar llamando a los legisladores territoriales que responden a los intereses de las universidades y creo que tambi\u00e9n vamos a empezar a trabajar sobre una cuesti\u00f3n donde el presupuesto universitario lo vamos a tener que defender entre todos&#8221;, indic\u00f3 Larroza y agreg\u00f3: &#8220;Vamos a estar todos los rectores y casi con seguridad el gobernador Vald\u00e9s tambi\u00e9n va a estar&#8221;.<\/p>\n","protected":false},"excerpt":{"rendered":"<p>Los rectores y rectoras de las 70 universidades p\u00fablicas de Argentina, que forman parte del&#8230;<\/p>\n","protected":false},"author":1,"featured_media":0,"comment_status":"open","ping_status":"open","sticky":false,"template":"","format":"standard","meta":[],"categories":[1],"tags":[],"_links":{"self":[{"href":"https:\/\/neanoticias.com\/index.php\/wp-json\/wp\/v2\/posts\/946"}],"collection":[{"href":"https:\/\/neanoticias.com\/index.php\/wp-json\/wp\/v2\/posts"}],"about":[{"href":"https:\/\/neanoticias.com\/index.php\/wp-json\/wp\/v2\/types\/post"}],"author":[{"embeddable":true,"href":"https:\/\/neanoticias.com\/index.php\/wp-json\/wp\/v2\/users\/1"}],"replies":[{"embeddable":true,"href":"https:\/\/neanoticias.com\/index.php\/wp-json\/wp\/v2\/comments?post=946"}],"version-history":[{"count":1,"href":"https:\/\/neanoticias.com\/index.php\/wp-json\/wp\/v2\/posts\/946\/revisions"}],"predecessor-version":[{"id":948,"href":"https:\/\/neanoticias.com\/index.php\/wp-json\/wp\/v2\/posts\/946\/revisions\/948"}],"wp:attachment":[{"href":"https:\/\/neanoticias.com\/index.php\/wp-json\/wp\/v2\/media?parent=946"}],"wp:term":[{"taxonomy":"category","embeddable":true,"href":"https:\/\/neanoticias.com\/index.php\/wp-json\/wp\/v2\/categories?post=946"},{"taxonomy":"post_tag","embeddable":true,"href":"https:\/\/neanoticias.com\/index.php\/wp-json\/wp\/v2\/tags?post=946"}],"curies":[{"name":"wp","href":"https:\/\/api.w.org\/{rel}","templated":true}]}}