{"id":931,"date":"2023-09-26T14:41:29","date_gmt":"2023-09-26T14:41:29","guid":{"rendered":"https:\/\/neanoticias.com\/?p=931"},"modified":"2023-09-26T14:41:30","modified_gmt":"2023-09-26T14:41:30","slug":"la-ciudad-vivio-un-fin-de-semana-de-celebracion-musica-y-carnaval","status":"publish","type":"post","link":"https:\/\/neanoticias.com\/index.php\/2023\/09\/26\/la-ciudad-vivio-un-fin-de-semana-de-celebracion-musica-y-carnaval\/","title":{"rendered":"LA CIUDAD VIVI\u00d3 UN FIN DE SEMANA DE CELEBRACI\u00d3N, M\u00daSICA Y CARNAVAL"},"content":{"rendered":"\n<p><em>Desde el viernes hasta el domingo miles de personas disfrutaron de las actividades al aire libre y con entrada gratuita que organiz\u00f3 la Municipalidad. Hubo shows musicales, DJ, gastron\u00f3micos, productores de cerveza y gin. Fue propicio adem\u00e1s para que las comparsas Ara Ber\u00e1 y Copacabana presentaran sus temas para la edici\u00f3n 2024, con la presencia del intendente Eduardo Tassano.<\/em><\/p>\n\n\n\n<figure class=\"wp-block-image size-full\"><img loading=\"lazy\" width=\"762\" height=\"736\" src=\"https:\/\/neanoticias.com\/wp-content\/uploads\/2023\/09\/1321786w762h736c.jpg-1.webp\" alt=\"\" class=\"wp-image-932\" srcset=\"https:\/\/neanoticias.com\/wp-content\/uploads\/2023\/09\/1321786w762h736c.jpg-1.webp 762w, https:\/\/neanoticias.com\/wp-content\/uploads\/2023\/09\/1321786w762h736c.jpg-1-300x290.webp 300w\" sizes=\"(max-width: 762px) 100vw, 762px\" \/><\/figure>\n\n\n\n<p>La Municipalidad de Corrientes llev\u00f3 adelante este fin de semana m\u00faltiples eventos que congregaron a miles de personas en la Costanera. Durante el viernes, s\u00e1bado y domingo se llevaron adelante los festejos por los d\u00edas de la Primavera, Comparsero y Turismo. Las comparsas Ara Ber\u00e1 y Copacabana presentaron&nbsp;sus temas 2024, con la presencia del intendente Eduardo Tassano.<\/p>\n\n\n\n<p>Turistas y vecinos participaron de los festejos por el D\u00eda de la Primavera y del Estudiante, la presentaci\u00f3n del tema 2024 de la comparsa Ara Ber\u00e1 y Copacabana, celebraron el &nbsp;\u201cD\u00eda del Comparsero\u201d, y el \u201cD\u00eda del Turismo\u201d. Los eventos fueron acompa\u00f1ados por shows en vivo, barras de cervezas artesanales, de gin y jugos y patio gastron\u00f3mico.<\/p>\n\n\n\n<p>El secretario de Turismo y Deportes, Juan Enrique Braillard Poccard, destac\u00f3 que la ciudad \u201ctuvo un fin de semana cargado de actividades\u201d y afirm\u00f3 que el balance \u201ces totalmente positivo, ya que no bajamos de 3 mil personas en ninguna de las noches\u201d.<\/p>\n\n\n\n<p>\u201cLa ciudad est\u00e1 muy bien posicionada a nivel nacional como atractivo tur\u00edstico y vamos a seguir generando producto tur\u00edstico todos los fines de semana, que es uno de los ejes de esta gesti\u00f3n, encabezada por el intendente, Eduardo Tassano\u201d, afirm\u00f3 el funcionario, quien se\u00f1al\u00f3 que estos eventos permiten \u201cdarle la oportunidad a los gastron\u00f3micos locales, cerveceros y productores de gin\u201d.<\/p>\n\n\n\n<p>Entre tanto, el secretario de Turismo y Deportes se\u00f1al\u00f3 que durante el s\u00e1bado se vivi\u00f3 un momento \u201cmuy especial para el Carnaval con el recuerdo del accidente fatal de Ara Ber\u00e1 y que desde ese d\u00eda se festeja el D\u00eda del Comparsero\u201d. Asimismo, la comparsa de El Rayo present\u00f3 su tema \u201cParan\u00e1 Profundo\u201d para la edici\u00f3n 2024 de los Carnavales Correntinos. &nbsp;<\/p>\n\n\n\n<p>A su vez, el domingo en el Paseo Iber\u00e1 la comparsa Copacabana brind\u00f3 un show carnestolendo y dio a conocer su tema para el 2024. &nbsp;<\/p>\n\n\n\n<p>Por otra parte, Braillard Poccard destac\u00f3 la presencia en las playas de la ciudad y adelant\u00f3 que \u201ca partir del 1 de octubre los 5 balnearios van a estar habilitados. El 7 de octubre se har\u00e1 el lanzamiento oficial en la Arazaty 1\u201d.<\/p>\n\n\n\n<p>BUENA VENTA<\/p>\n\n\n\n<p>Las tres noches que se llevaron adelante en la zona de la Costanera de la ciudad, estuvieron acompa\u00f1adas por emprendedores locales, que ofrecieron una gran variedad de productos gastron\u00f3micos, cervezas, gin, artesan\u00edas, entre otros.<\/p>\n\n\n\n<p>Santiago, integrante de la cervecer\u00eda Sativa, destac\u00f3 las buenas ventas que tuvieron y asegur\u00f3 que estos eventos \u201cson una ventana muy buena para ofrecer nuestros productos\u201d.<\/p>\n\n\n\n<p>Entre tanto, invit\u00f3 a los vecinos a acompa\u00f1ar \u201cel viernes, s\u00e1bado y domingo el Oktoberfest, donde vamos a estar 26 cervecer\u00edas con mil canillas\u201d.&nbsp;<\/p>\n","protected":false},"excerpt":{"rendered":"<p>Desde el viernes hasta el domingo miles de personas disfrutaron de las actividades al aire&#8230;<\/p>\n","protected":false},"author":1,"featured_media":0,"comment_status":"open","ping_status":"open","sticky":false,"template":"","format":"standard","meta":[],"categories":[1],"tags":[],"_links":{"self":[{"href":"https:\/\/neanoticias.com\/index.php\/wp-json\/wp\/v2\/posts\/931"}],"collection":[{"href":"https:\/\/neanoticias.com\/index.php\/wp-json\/wp\/v2\/posts"}],"about":[{"href":"https:\/\/neanoticias.com\/index.php\/wp-json\/wp\/v2\/types\/post"}],"author":[{"embeddable":true,"href":"https:\/\/neanoticias.com\/index.php\/wp-json\/wp\/v2\/users\/1"}],"replies":[{"embeddable":true,"href":"https:\/\/neanoticias.com\/index.php\/wp-json\/wp\/v2\/comments?post=931"}],"version-history":[{"count":1,"href":"https:\/\/neanoticias.com\/index.php\/wp-json\/wp\/v2\/posts\/931\/revisions"}],"predecessor-version":[{"id":933,"href":"https:\/\/neanoticias.com\/index.php\/wp-json\/wp\/v2\/posts\/931\/revisions\/933"}],"wp:attachment":[{"href":"https:\/\/neanoticias.com\/index.php\/wp-json\/wp\/v2\/media?parent=931"}],"wp:term":[{"taxonomy":"category","embeddable":true,"href":"https:\/\/neanoticias.com\/index.php\/wp-json\/wp\/v2\/categories?post=931"},{"taxonomy":"post_tag","embeddable":true,"href":"https:\/\/neanoticias.com\/index.php\/wp-json\/wp\/v2\/tags?post=931"}],"curies":[{"name":"wp","href":"https:\/\/api.w.org\/{rel}","templated":true}]}}