{"id":922,"date":"2023-09-26T14:28:15","date_gmt":"2023-09-26T14:28:15","guid":{"rendered":"https:\/\/neanoticias.com\/?p=922"},"modified":"2023-09-26T14:28:17","modified_gmt":"2023-09-26T14:28:17","slug":"robo-remeras-de-un-local-y-termino-detenido","status":"publish","type":"post","link":"https:\/\/neanoticias.com\/index.php\/2023\/09\/26\/robo-remeras-de-un-local-y-termino-detenido\/","title":{"rendered":"ROB\u00d3 REMERAS DE UN LOCAL Y TERMIN\u00d3 DETENIDO"},"content":{"rendered":"\n<p>La aprehensi\u00f3n ocurri\u00f3 cuando el ladr\u00f3n llevaba con \u00e9l las indumentarias sustra\u00eddas. El detenido cuenta con antecedentes por robo.\u00a0<\/p>\n\n\n\n<figure class=\"wp-block-image size-full\"><img loading=\"lazy\" width=\"762\" height=\"726\" src=\"https:\/\/neanoticias.com\/wp-content\/uploads\/2023\/09\/1321819w762h726c.jpg.webp\" alt=\"\" class=\"wp-image-923\" srcset=\"https:\/\/neanoticias.com\/wp-content\/uploads\/2023\/09\/1321819w762h726c.jpg.webp 762w, https:\/\/neanoticias.com\/wp-content\/uploads\/2023\/09\/1321819w762h726c.jpg-300x286.webp 300w\" sizes=\"(max-width: 762px) 100vw, 762px\" \/><\/figure>\n\n\n\n<p>Efectivos policiales lograron recuperar prendas de vestir que hab\u00edan sido sustra\u00eddos desde un local comercial, en horas de la madrugada de este martes.<\/p>\n\n\n\n<p>El hecho de inseguridad hab\u00eda ocurrido en la capital correntina, por avenida Cazadores Correntinos y calle Montecarlo. En tanto, por calle Montecarlo y Cerde\u00f1as se produjo la detenci\u00f3n de quien habr\u00eda sido el responsable del robo.&nbsp;<\/p>\n\n\n\n<p>&#8220;El delincuente llevaba consigo una bolsa de pl\u00e1stico de color blanca conteniendo en su interior 12 remeras de algod\u00f3n (nueve de color blanca y tres de color roja)&#8221;, detallaron desde la Polic\u00eda sobre el momento que aprehendieron al se\u00f1alado de cometer del il\u00edcito.&nbsp;<\/p>\n\n\n\n<p>El demorado fue identificado con el nombre de Mauricio, de 25 a\u00f1os, quien ya cuenta con antecedentes policiales por robo. El joven fue trasladado a la comisar\u00eda Octava.<\/p>\n","protected":false},"excerpt":{"rendered":"<p>La aprehensi\u00f3n ocurri\u00f3 cuando el ladr\u00f3n llevaba con \u00e9l las indumentarias sustra\u00eddas. El detenido cuenta&#8230;<\/p>\n","protected":false},"author":1,"featured_media":923,"comment_status":"open","ping_status":"open","sticky":false,"template":"","format":"standard","meta":[],"categories":[1],"tags":[],"_links":{"self":[{"href":"https:\/\/neanoticias.com\/index.php\/wp-json\/wp\/v2\/posts\/922"}],"collection":[{"href":"https:\/\/neanoticias.com\/index.php\/wp-json\/wp\/v2\/posts"}],"about":[{"href":"https:\/\/neanoticias.com\/index.php\/wp-json\/wp\/v2\/types\/post"}],"author":[{"embeddable":true,"href":"https:\/\/neanoticias.com\/index.php\/wp-json\/wp\/v2\/users\/1"}],"replies":[{"embeddable":true,"href":"https:\/\/neanoticias.com\/index.php\/wp-json\/wp\/v2\/comments?post=922"}],"version-history":[{"count":1,"href":"https:\/\/neanoticias.com\/index.php\/wp-json\/wp\/v2\/posts\/922\/revisions"}],"predecessor-version":[{"id":924,"href":"https:\/\/neanoticias.com\/index.php\/wp-json\/wp\/v2\/posts\/922\/revisions\/924"}],"wp:featuredmedia":[{"embeddable":true,"href":"https:\/\/neanoticias.com\/index.php\/wp-json\/wp\/v2\/media\/923"}],"wp:attachment":[{"href":"https:\/\/neanoticias.com\/index.php\/wp-json\/wp\/v2\/media?parent=922"}],"wp:term":[{"taxonomy":"category","embeddable":true,"href":"https:\/\/neanoticias.com\/index.php\/wp-json\/wp\/v2\/categories?post=922"},{"taxonomy":"post_tag","embeddable":true,"href":"https:\/\/neanoticias.com\/index.php\/wp-json\/wp\/v2\/tags?post=922"}],"curies":[{"name":"wp","href":"https:\/\/api.w.org\/{rel}","templated":true}]}}