{"id":92,"date":"2022-08-26T14:25:01","date_gmt":"2022-08-26T14:25:01","guid":{"rendered":"https:\/\/neanoticias.com\/?p=92"},"modified":"2022-08-26T14:25:02","modified_gmt":"2022-08-26T14:25:02","slug":"corrientes-incendiaron-una-vivienda-y-apunalaron-a-un-sereno-en-presunta-venganza-narco","status":"publish","type":"post","link":"https:\/\/neanoticias.com\/index.php\/2022\/08\/26\/corrientes-incendiaron-una-vivienda-y-apunalaron-a-un-sereno-en-presunta-venganza-narco\/","title":{"rendered":"CORRIENTES: INCENDIARON UNA VIVIENDA Y APU\u00d1ALARON A UN SERENO EN PRESUNTA &#8220;VENGANZA NARCO&#8221;"},"content":{"rendered":"\n<p>El sereno de una vivienda de la capital provincial fue herido ayer de un corte en el cuello por dos delincuentes, quienes despu\u00e9s de cometer la agresi\u00f3n incendiaron la propiedad con \u00e9l adentro, causando da\u00f1os en tres veh\u00edculos, una heladera y un colch\u00f3n.<\/p>\n\n\n\n<p><\/p>\n\n\n\n<figure class=\"wp-block-image size-full\"><img loading=\"lazy\" width=\"850\" height=\"540\" src=\"https:\/\/neanoticias.com\/wp-content\/uploads\/2022\/08\/173753w850h540c.png.webp\" alt=\"\" class=\"wp-image-93\" srcset=\"https:\/\/neanoticias.com\/wp-content\/uploads\/2022\/08\/173753w850h540c.png.webp 850w, https:\/\/neanoticias.com\/wp-content\/uploads\/2022\/08\/173753w850h540c.png-300x191.webp 300w, https:\/\/neanoticias.com\/wp-content\/uploads\/2022\/08\/173753w850h540c.png-768x488.webp 768w\" sizes=\"(max-width: 850px) 100vw, 850px\" \/><\/figure>\n\n\n\n<p>El cuidador sufri\u00f3 una herida en el cuello. Sus atacantes iniciaron el fuego que da\u00f1\u00f3 tres motocicletas, una heladera y un colch\u00f3n. La casa pertenece a un expolic\u00eda imputado en una causa de narcotr\u00e1fico. Descartan la intenci\u00f3n de un robo.<\/p>\n\n\n\n<p>La Polic\u00eda estaba anoche abocada a la investigaci\u00f3n. En principio. la teor\u00eda de un asalto en ocasi\u00f3n de robo quedaba casi descartada.<\/p>\n\n\n\n<p>El hombre que evit\u00f3 su muerte llevaba dinero en sus bolsillos y en la casa no hab\u00eda faltantes.<\/p>\n\n\n\n<p>El hecho, en cambio, podr\u00eda estar relacionado a un presunto &#8220;ajuste de cuentas&#8221; o una &#8220;venganza&#8221;.<\/p>\n\n\n\n<p>Estas hip\u00f3tesis cobraron fuerza al determinarse que el inmueble pertenece a un expolic\u00eda identificado como Luis G. T., quien a\u00f1os atr\u00e1s finaliz\u00f3 detenido como cabecilla de una organizaci\u00f3n narco.<\/p>\n\n\n\n<p>Ese exfuncionario de la fuerza de seguridad provincial est\u00e1 procesado por la Justicia Federal y actualmente goza del beneficio de prisi\u00f3n domiciliaria, pero en otra direcci\u00f3n.<\/p>\n\n\n\n<p>Como consecuencia de un tajo a la altura del cuello, el cuidador de 39 a\u00f1os, cuya identidad se preserva, ingres\u00f3 al \u00e1rea de urgencias del Hospital Escuela. En el establecimiento m\u00e9dico permanec\u00eda internado fuera de peligro.<\/p>\n\n\n\n<p>El episodio fue registrado alrededor de las 6:15 en el barrio Punta Taitalo, en inmediaciones a la escuela &#8220;Rep\u00fablica del Per\u00fa&#8221;.<\/p>\n\n\n\n<p>Al menos dos malvivientes, presuntamente armados y con sus rostros cubiertos, irrumpieron en la propiedad a las patadas contra la puerta de acceso principal. En el interior estaba el sereno a quien acuchillaron en el cuello.<\/p>\n\n\n\n<p>Con la v\u00edctima buscando refugio en un rinc\u00f3n de la casa, ambos malhechores esparcieron un l\u00edquido combustible e iniciaron el fuego. Despu\u00e9s de ello escaparon.<\/p>\n\n\n\n<p>Tres motocicletas, un colch\u00f3n y un freezer son los principales objetos afectados por las llamas.<\/p>\n\n\n\n<p>La casa se encuentra en estado de construcci\u00f3n. All\u00ed, a un costado, hab\u00eda una lancha, herramientas y otros elementos que finalizaron intactos.<\/p>\n\n\n\n<p>Efectivos de la Direcci\u00f3n General de Bomberos junto a personal de la Unidad de Investigaci\u00f3n Fiscal constataron la intencionalidad del incendio con la utilizaci\u00f3n de un &#8220;inflamable&#8221;.<\/p>\n\n\n\n<p>En la pesquisa interviene la comisar\u00eda seccional Decimos\u00e9ptima. junto a la Divisi\u00f3n de Investigaciones Metropolitana e Investigaci\u00f3n Criminal.<\/p>\n\n\n\n<p>Informaci\u00f3n conocida por \u00e9poca precisa que el titular del inmueble es un oficial exonerado de la Polic\u00eda de la provincia en marzo de 2021, cuando lo detuvieron con m\u00e1s de 200 kilos de marihuana y un kilo de coca\u00edna.<\/p>\n\n\n\n<p>El entonces efectivo gozaba de una licencia m\u00e9dica por &#8220;tratamiento psiqui\u00e1trico&#8221;.<\/p>\n\n\n\n<p>La droga estaba ocultada en una propiedad de avenida R\u00edo Chico al 5700 con la fachada de ser un taller o lavadero de autos. En el lugar allanado encontraron dos pistolas y varios veh\u00edculos, entre ellos un Mini Cooper, un Mercedes Benz C-200, una camioneta Volkswagen Amarok y una combi.<\/p>\n","protected":false},"excerpt":{"rendered":"<p>El sereno de una vivienda de la capital provincial fue herido ayer de un corte&#8230;<\/p>\n","protected":false},"author":1,"featured_media":93,"comment_status":"open","ping_status":"open","sticky":false,"template":"","format":"standard","meta":[],"categories":[1],"tags":[],"_links":{"self":[{"href":"https:\/\/neanoticias.com\/index.php\/wp-json\/wp\/v2\/posts\/92"}],"collection":[{"href":"https:\/\/neanoticias.com\/index.php\/wp-json\/wp\/v2\/posts"}],"about":[{"href":"https:\/\/neanoticias.com\/index.php\/wp-json\/wp\/v2\/types\/post"}],"author":[{"embeddable":true,"href":"https:\/\/neanoticias.com\/index.php\/wp-json\/wp\/v2\/users\/1"}],"replies":[{"embeddable":true,"href":"https:\/\/neanoticias.com\/index.php\/wp-json\/wp\/v2\/comments?post=92"}],"version-history":[{"count":1,"href":"https:\/\/neanoticias.com\/index.php\/wp-json\/wp\/v2\/posts\/92\/revisions"}],"predecessor-version":[{"id":94,"href":"https:\/\/neanoticias.com\/index.php\/wp-json\/wp\/v2\/posts\/92\/revisions\/94"}],"wp:featuredmedia":[{"embeddable":true,"href":"https:\/\/neanoticias.com\/index.php\/wp-json\/wp\/v2\/media\/93"}],"wp:attachment":[{"href":"https:\/\/neanoticias.com\/index.php\/wp-json\/wp\/v2\/media?parent=92"}],"wp:term":[{"taxonomy":"category","embeddable":true,"href":"https:\/\/neanoticias.com\/index.php\/wp-json\/wp\/v2\/categories?post=92"},{"taxonomy":"post_tag","embeddable":true,"href":"https:\/\/neanoticias.com\/index.php\/wp-json\/wp\/v2\/tags?post=92"}],"curies":[{"name":"wp","href":"https:\/\/api.w.org\/{rel}","templated":true}]}}