{"id":919,"date":"2023-09-26T14:26:58","date_gmt":"2023-09-26T14:26:58","guid":{"rendered":"https:\/\/neanoticias.com\/?p=919"},"modified":"2023-09-26T14:26:59","modified_gmt":"2023-09-26T14:26:59","slug":"ultimos-dias-para-sumarse-al-concurso-que-premia-a-ongs-que-promueven-la-tenencia-responsable","status":"publish","type":"post","link":"https:\/\/neanoticias.com\/index.php\/2023\/09\/26\/ultimos-dias-para-sumarse-al-concurso-que-premia-a-ongs-que-promueven-la-tenencia-responsable\/","title":{"rendered":"\u00daLTIMOS D\u00cdAS PARA SUMARSE AL CONCURSO QUE PREMIA A ONGS QUE PROMUEVEN LA TENENCIA RESPONSABLE"},"content":{"rendered":"\n<p><em>La iniciativa impulsada por la Municipalidad de Corrientes, a trav\u00e9s de la Secretar\u00eda de Coordinaci\u00f3n de Gobierno, busca premiar a las organizaciones que trabajan en el cuidado y protecci\u00f3n de animales en la ciudad. Habr\u00e1 tiempo de presentar los proyectos hasta el 6 de octubre; los seleccionados acceder\u00e1n a importantes premios en efectivo.\u00a0<\/em><\/p>\n\n\n\n<figure class=\"wp-block-image size-full\"><img loading=\"lazy\" width=\"848\" height=\"565\" src=\"https:\/\/neanoticias.com\/wp-content\/uploads\/2023\/09\/concurso-tenencia_responsable_4__1.jpeg\" alt=\"\" class=\"wp-image-920\" srcset=\"https:\/\/neanoticias.com\/wp-content\/uploads\/2023\/09\/concurso-tenencia_responsable_4__1.jpeg 848w, https:\/\/neanoticias.com\/wp-content\/uploads\/2023\/09\/concurso-tenencia_responsable_4__1-300x200.jpeg 300w, https:\/\/neanoticias.com\/wp-content\/uploads\/2023\/09\/concurso-tenencia_responsable_4__1-768x512.jpeg 768w\" sizes=\"(max-width: 848px) 100vw, 848px\" \/><\/figure>\n\n\n\n<p>Con el objetivo de reconocer el trabajo de organizaciones de la sociedad civil locales dedicadas a promover la tenencia responsable de los animales dom\u00e9sticos, la Municipalidad de la ciudad de Corrientes, lanz\u00f3 un concurso que premiar\u00e1 con importantes premios en efectivo a los proyectos viables seleccionados que se presenten al respecto de la tem\u00e1tica. El tiempo de presentaci\u00f3n de los trabajos se prorrog\u00f3 hasta el 6 de octubre.&nbsp;<\/p>\n\n\n\n<p>El concurso est\u00e1 destinado a distintas organizaciones civiles o fundaciones que presenten proyectos con impacto socio-comunitario que impliquen la intervenci\u00f3n en una zona o barrio de la ciudad, que se relacione con el eje: Tenencia responsable de Animales Dom\u00e9sticos.&nbsp;&nbsp;<\/p>\n\n\n\n<p>De esta manera, la iniciativa invita a participar a organizaciones sin fines de lucro: esto incluye, asociaciones civiles con personer\u00eda jur\u00eddica (o en formaci\u00f3n), fundaci\u00f3n con personer\u00eda jur\u00eddica (o en formaci\u00f3n) o grupo de personas con un a\u00f1o de trabajo comprobable.&nbsp;<\/p>\n\n\n\n<p>Es importante recordar que en el marco de estas acciones, el Municipio busca generar una ciudad que tienda al bienestar y la convivencia de los ciudadanos; teniendo en cuenta que existen varias organizaciones y grupo de personas que se encargan de rescatar y dar refugio a los animales que se encuentran en una situaci\u00f3n de peligro, se quiere reconocer y premiar la entrega, constancia, trabajo e ideas implementadas por los mismos.&nbsp;<\/p>\n\n\n\n<p>PREMIOS&nbsp;<\/p>\n\n\n\n<p>Se premiar\u00e1n a tres (3) ONGs seleccionadas por un jurado:&nbsp;<\/p>\n\n\n\n<p>Primer puesto: $250.000 (Doscientos cincuenta mil pesos argentinos)&nbsp;<\/p>\n\n\n\n<p>Segundo Puesto: $200.000 (Doscientos mil pesos argentinos)&nbsp;<\/p>\n\n\n\n<p>Tercer Puesto: $150.000 (Ciento cincuenta mil pesos argentinos)&nbsp;<\/p>\n\n\n\n<p>La inscripci\u00f3n al concurso se har\u00e1 \u00fanicamente mediante el siguiente formulario:&nbsp;&nbsp;<a href=\"https:\/\/bit.ly\/Inscripcion-Concurso-ONGs2023%C2%A0\" target=\"_blank\" rel=\"noreferrer noopener\">https:\/\/bit.ly\/Inscripcion-Concurso-ONGs2023&nbsp;<\/a><\/p>\n\n\n\n<p>Encontr\u00e1 las bases y objetivos del concurso en:&nbsp;<a href=\"https:\/\/docs.google.com\/document\/d\/1LL4dK5QGtVWCbd-g1AJex3qIx_SUhy0w4WOfxsHUo6k\/edit\" target=\"_blank\" rel=\"noreferrer noopener\">https:\/\/docs.google.com\/document\/d\/1LL4dK5QGtVWCbd-g1AJex3qIx_SUhy0w4WOfxsHUo6k\/edit<\/a><\/p>\n\n\n\n<p>Para participar en el concurso, toda ONG tendr\u00e1 que estar registrada o podr\u00e1 registrarse al momento de inscribirse en el \u201cRegistro Municipal de ONGs\u201d&nbsp;<a href=\"https:\/\/forms.gle\/shhHhdCACC4qGbWB9\" target=\"_blank\" rel=\"noreferrer noopener\">https:\/\/forms.gle\/shhHhdCACC4qGbWB9<\/a><\/p>\n\n\n\n<p>Para consultar si se encuentra registrada pueden ingresar a:&nbsp;<a href=\"http:\/\/bit.ly\/ONGsRegistradasMCC\" target=\"_blank\" rel=\"noreferrer noopener\">http:\/\/bit.ly\/ONGsRegistradasMCC<\/a><\/p>\n\n\n\n<p>En caso de tener alguna duda respecto a las bases o campos a completar, pueden contactarse al siguiente correo:&nbsp;<a href=\"mailto:malvinavictoriac@gmail.com\">malvinavictoriac@gmail.com<\/a>&nbsp;o&nbsp;<a href=\"mailto:dginnovacionygobiernoabierto@ciudaddecorrientes.gov.ar\">dginnovacionygobiernoabierto@ciudaddecorrientes.gov.ar<\/a><\/p>\n","protected":false},"excerpt":{"rendered":"<p>La iniciativa impulsada por la Municipalidad de Corrientes, a trav\u00e9s de la Secretar\u00eda de Coordinaci\u00f3n&#8230;<\/p>\n","protected":false},"author":1,"featured_media":920,"comment_status":"open","ping_status":"open","sticky":false,"template":"","format":"standard","meta":[],"categories":[1],"tags":[],"_links":{"self":[{"href":"https:\/\/neanoticias.com\/index.php\/wp-json\/wp\/v2\/posts\/919"}],"collection":[{"href":"https:\/\/neanoticias.com\/index.php\/wp-json\/wp\/v2\/posts"}],"about":[{"href":"https:\/\/neanoticias.com\/index.php\/wp-json\/wp\/v2\/types\/post"}],"author":[{"embeddable":true,"href":"https:\/\/neanoticias.com\/index.php\/wp-json\/wp\/v2\/users\/1"}],"replies":[{"embeddable":true,"href":"https:\/\/neanoticias.com\/index.php\/wp-json\/wp\/v2\/comments?post=919"}],"version-history":[{"count":1,"href":"https:\/\/neanoticias.com\/index.php\/wp-json\/wp\/v2\/posts\/919\/revisions"}],"predecessor-version":[{"id":921,"href":"https:\/\/neanoticias.com\/index.php\/wp-json\/wp\/v2\/posts\/919\/revisions\/921"}],"wp:featuredmedia":[{"embeddable":true,"href":"https:\/\/neanoticias.com\/index.php\/wp-json\/wp\/v2\/media\/920"}],"wp:attachment":[{"href":"https:\/\/neanoticias.com\/index.php\/wp-json\/wp\/v2\/media?parent=919"}],"wp:term":[{"taxonomy":"category","embeddable":true,"href":"https:\/\/neanoticias.com\/index.php\/wp-json\/wp\/v2\/categories?post=919"},{"taxonomy":"post_tag","embeddable":true,"href":"https:\/\/neanoticias.com\/index.php\/wp-json\/wp\/v2\/tags?post=919"}],"curies":[{"name":"wp","href":"https:\/\/api.w.org\/{rel}","templated":true}]}}