{"id":916,"date":"2023-09-26T14:24:40","date_gmt":"2023-09-26T14:24:40","guid":{"rendered":"https:\/\/neanoticias.com\/?p=916"},"modified":"2023-09-26T14:24:41","modified_gmt":"2023-09-26T14:24:41","slug":"caso-nino-l-ordenan-la-detencion-del-sujeto-reconocido-por-el-menor","status":"publish","type":"post","link":"https:\/\/neanoticias.com\/index.php\/2023\/09\/26\/caso-nino-l-ordenan-la-detencion-del-sujeto-reconocido-por-el-menor\/","title":{"rendered":"CASO &#8220;NI\u00d1O L&#8221;: ORDENAN LA DETENCI\u00d3N DEL SUJETO RECONOCIDO POR EL MENOR"},"content":{"rendered":"\n<p>Por unanimidad el Tribunal de Revisi\u00f3n integrado por los magistrados Alegre, Nu\u00f1ez Huel y Esquivel (subrogante), dictaron la Resoluci\u00f3n N\u00b0 1.714 que revoc\u00f3 lo resuelto por la Jueza de Garant\u00eda Cristina Sanchez &#8220;por fundamentaci\u00f3n insuficiente&#8221; y orden\u00f3 la inmediata detenci\u00f3n del imputado &#8220;J.C&#8221; quien deber\u00e1 \u00a0ser detenido y alojado en Comisar\u00eda 23. Vale recordar que el sujeto en cuesti\u00f3n estuvo aprehendido durante algunas horas logrando luego su libertad por la pol\u00e9mica decisi\u00f3n de la jueza.<\/p>\n\n\n\n<figure class=\"wp-block-image size-full\"><img loading=\"lazy\" width=\"762\" height=\"410\" src=\"https:\/\/neanoticias.com\/wp-content\/uploads\/2023\/09\/1321841w762h410c.webp.webp\" alt=\"\" class=\"wp-image-917\" srcset=\"https:\/\/neanoticias.com\/wp-content\/uploads\/2023\/09\/1321841w762h410c.webp.webp 762w, https:\/\/neanoticias.com\/wp-content\/uploads\/2023\/09\/1321841w762h410c.webp-300x161.webp 300w\" sizes=\"(max-width: 762px) 100vw, 762px\" \/><\/figure>\n\n\n\n<p>Se trata del caso del ni\u00f1o de 10 a\u00f1os (denominado ni\u00f1o L) que fue hallado en un descampado el pasado 3 de agosto, tras haber sido agredido, amordazado y abandonado. El hecho ocurri\u00f3 en un descampado del barrio Costa Esperanza de la ciudad de Corrientes.<\/p>\n\n\n\n<p>Luego de varias semanas de investigaci\u00f3n, la justicia logr\u00f3 detener a un hombre mayor de edad identificado como &#8220;J.C&#8221;, quien adem\u00e1s fue reconocido por su v\u00edctima. D\u00edas despu\u00e9s, una jueza orden\u00f3 su liberaci\u00f3n. Este hecho gener\u00f3 indignaci\u00f3n en la familia del menor.&nbsp;<\/p>\n\n\n\n<p><strong>Decisi\u00f3n de la justicia este martes 26 de septiembre<\/strong><\/p>\n\n\n\n<p>Por Unanimidad el tribunal de Revisi\u00f3n presidido por N\u00fa\u00f1ez Huel Alegre y Esquivel (subrogante), dictaron Resoluci\u00f3n N\u00b0 1.714 que revoc\u00f3 lo resuelto por la Jueza de Garant\u00eda Cristina S\u00e1nchez, &#8220;POR FUNDAMENTACION INSUFICIENTE&#8221; y orden\u00f3 la inmediata detenci\u00f3n del imputado &#8220;J.C&#8221; quien deber\u00e1 ser detenido y alojado en Comisar\u00eda 23.<\/p>\n\n\n\n<h2><a href=\"https:\/\/www.diarioepoca.com\/1298038-una-jueza-ordeno-la-inmediata-liberacion-del-sujeto-reconocido-por-el-menor-presuntamente-abusado\" target=\"_blank\" rel=\"noreferrer noopener\">Una Jueza orden\u00f3 &#8220;la inmediata&#8221; liberaci\u00f3n del sujeto reconocido por el menor presuntamente abusado&nbsp;<\/a><\/h2>\n","protected":false},"excerpt":{"rendered":"<p>Por unanimidad el Tribunal de Revisi\u00f3n integrado por los magistrados Alegre, Nu\u00f1ez Huel y Esquivel&#8230;<\/p>\n","protected":false},"author":1,"featured_media":917,"comment_status":"open","ping_status":"open","sticky":false,"template":"","format":"standard","meta":[],"categories":[1],"tags":[],"_links":{"self":[{"href":"https:\/\/neanoticias.com\/index.php\/wp-json\/wp\/v2\/posts\/916"}],"collection":[{"href":"https:\/\/neanoticias.com\/index.php\/wp-json\/wp\/v2\/posts"}],"about":[{"href":"https:\/\/neanoticias.com\/index.php\/wp-json\/wp\/v2\/types\/post"}],"author":[{"embeddable":true,"href":"https:\/\/neanoticias.com\/index.php\/wp-json\/wp\/v2\/users\/1"}],"replies":[{"embeddable":true,"href":"https:\/\/neanoticias.com\/index.php\/wp-json\/wp\/v2\/comments?post=916"}],"version-history":[{"count":1,"href":"https:\/\/neanoticias.com\/index.php\/wp-json\/wp\/v2\/posts\/916\/revisions"}],"predecessor-version":[{"id":918,"href":"https:\/\/neanoticias.com\/index.php\/wp-json\/wp\/v2\/posts\/916\/revisions\/918"}],"wp:featuredmedia":[{"embeddable":true,"href":"https:\/\/neanoticias.com\/index.php\/wp-json\/wp\/v2\/media\/917"}],"wp:attachment":[{"href":"https:\/\/neanoticias.com\/index.php\/wp-json\/wp\/v2\/media?parent=916"}],"wp:term":[{"taxonomy":"category","embeddable":true,"href":"https:\/\/neanoticias.com\/index.php\/wp-json\/wp\/v2\/categories?post=916"},{"taxonomy":"post_tag","embeddable":true,"href":"https:\/\/neanoticias.com\/index.php\/wp-json\/wp\/v2\/tags?post=916"}],"curies":[{"name":"wp","href":"https:\/\/api.w.org\/{rel}","templated":true}]}}