{"id":908,"date":"2023-08-30T10:54:00","date_gmt":"2023-08-30T10:54:00","guid":{"rendered":"https:\/\/neanoticias.com\/?p=908"},"modified":"2023-09-05T10:58:28","modified_gmt":"2023-09-05T10:58:28","slug":"corrientes-quienes-cobran-sus-sueldos-este-miercoles-30","status":"publish","type":"post","link":"https:\/\/neanoticias.com\/index.php\/2023\/08\/30\/corrientes-quienes-cobran-sus-sueldos-este-miercoles-30\/","title":{"rendered":"CORRIENTES: QUI\u00c9NES COBRAN SUS SUELDOS ESTE MI\u00c9RCOLES 30"},"content":{"rendered":"\n<figure class=\"wp-block-image size-full\"><img loading=\"lazy\" width=\"770\" height=\"512\" src=\"https:\/\/neanoticias.com\/wp-content\/uploads\/2023\/09\/image.png\" alt=\"\" class=\"wp-image-909\" srcset=\"https:\/\/neanoticias.com\/wp-content\/uploads\/2023\/09\/image.png 770w, https:\/\/neanoticias.com\/wp-content\/uploads\/2023\/09\/image-300x199.png 300w, https:\/\/neanoticias.com\/wp-content\/uploads\/2023\/09\/image-768x511.png 768w\" sizes=\"(max-width: 770px) 100vw, 770px\" \/><\/figure>\n\n\n\n<p>El Gobierno de Corrientes sigue pagando el sueldo del mes de agosto a los empleados p\u00fablicos. A su vez, sigue analizando los n\u00fameros para definir los aumentos que anunciar\u00e1 durante septiembre.<\/p>\n\n\n\n<p>Este mi\u00e9rcoles 30 de agosto cobrar\u00e1n los empleados p\u00fablicos con DNIs terminados en 6 y 7. En tanto que el jueves 31 concluir\u00e1 con 8 y 9.<\/p>\n\n\n\n<p>Este es el \u00faltimo pago de sueldos con estos montos. Es que Gustavo Vald\u00e9s adelant\u00f3 que habr\u00e1 una recomposici\u00f3n salarial en septiembre.&nbsp;<\/p>\n\n\n\n<p>Se espera que en las pr\u00f3ximas semanas el propio gobernador de nuevas precisiones sobre los montos y plazos.<\/p>\n\n\n\n<figure class=\"wp-block-image size-full\"><img loading=\"lazy\" width=\"555\" height=\"471\" src=\"https:\/\/neanoticias.com\/wp-content\/uploads\/2023\/09\/image-2.png\" alt=\"\" class=\"wp-image-913\" srcset=\"https:\/\/neanoticias.com\/wp-content\/uploads\/2023\/09\/image-2.png 555w, https:\/\/neanoticias.com\/wp-content\/uploads\/2023\/09\/image-2-300x255.png 300w\" sizes=\"(max-width: 555px) 100vw, 555px\" \/><\/figure>\n\n\n\n<h2>Municipales<\/h2>\n\n\n\n<p>Este mi\u00e9rcoles 30 la Municipalidad de Corrientes termina de pagar el plus especial. Ser\u00e1 el turno de los Neike no bancarizados con DNIs terminados en 7, 8 y 9.<\/p>\n\n\n\n<p>Este pago se concret\u00f3 el pasado lunes 28 para los empleados de planta, con contrato y los neikes bancarizados.&nbsp;<\/p>\n\n\n\n<p>Los trabajadores deber\u00e1n acercarse a la Caja Municipal de Pr\u00e9stamos de Brasil 1.269 de 7.30 a 12.30 o de 16.30 a 20.30.<\/p>\n\n\n\n<figure class=\"wp-block-image size-full\"><img loading=\"lazy\" width=\"560\" height=\"561\" src=\"https:\/\/neanoticias.com\/wp-content\/uploads\/2023\/09\/image-1.png\" alt=\"\" class=\"wp-image-912\" srcset=\"https:\/\/neanoticias.com\/wp-content\/uploads\/2023\/09\/image-1.png 560w, https:\/\/neanoticias.com\/wp-content\/uploads\/2023\/09\/image-1-300x300.png 300w, https:\/\/neanoticias.com\/wp-content\/uploads\/2023\/09\/image-1-150x150.png 150w\" sizes=\"(max-width: 560px) 100vw, 560px\" \/><\/figure>\n","protected":false},"excerpt":{"rendered":"<p>El Gobierno de Corrientes sigue pagando el sueldo del mes de agosto a los empleados&#8230;<\/p>\n","protected":false},"author":1,"featured_media":0,"comment_status":"open","ping_status":"open","sticky":false,"template":"","format":"standard","meta":[],"categories":[1],"tags":[],"_links":{"self":[{"href":"https:\/\/neanoticias.com\/index.php\/wp-json\/wp\/v2\/posts\/908"}],"collection":[{"href":"https:\/\/neanoticias.com\/index.php\/wp-json\/wp\/v2\/posts"}],"about":[{"href":"https:\/\/neanoticias.com\/index.php\/wp-json\/wp\/v2\/types\/post"}],"author":[{"embeddable":true,"href":"https:\/\/neanoticias.com\/index.php\/wp-json\/wp\/v2\/users\/1"}],"replies":[{"embeddable":true,"href":"https:\/\/neanoticias.com\/index.php\/wp-json\/wp\/v2\/comments?post=908"}],"version-history":[{"count":2,"href":"https:\/\/neanoticias.com\/index.php\/wp-json\/wp\/v2\/posts\/908\/revisions"}],"predecessor-version":[{"id":914,"href":"https:\/\/neanoticias.com\/index.php\/wp-json\/wp\/v2\/posts\/908\/revisions\/914"}],"wp:attachment":[{"href":"https:\/\/neanoticias.com\/index.php\/wp-json\/wp\/v2\/media?parent=908"}],"wp:term":[{"taxonomy":"category","embeddable":true,"href":"https:\/\/neanoticias.com\/index.php\/wp-json\/wp\/v2\/categories?post=908"},{"taxonomy":"post_tag","embeddable":true,"href":"https:\/\/neanoticias.com\/index.php\/wp-json\/wp\/v2\/tags?post=908"}],"curies":[{"name":"wp","href":"https:\/\/api.w.org\/{rel}","templated":true}]}}