{"id":905,"date":"2023-08-25T14:23:00","date_gmt":"2023-08-25T14:23:00","guid":{"rendered":"https:\/\/neanoticias.com\/?p=905"},"modified":"2023-08-28T14:24:47","modified_gmt":"2023-08-28T14:24:47","slug":"corrientes-se-incorporaron-equipamiento-para-el-reforzar-la-seguridad-vial","status":"publish","type":"post","link":"https:\/\/neanoticias.com\/index.php\/2023\/08\/25\/corrientes-se-incorporaron-equipamiento-para-el-reforzar-la-seguridad-vial\/","title":{"rendered":"CORRIENTES: SE INCORPORARON EQUIPAMIENTO PARA EL REFORZAR LA SEGURIDAD VIAL"},"content":{"rendered":"\n<figure class=\"wp-block-image size-full\"><img loading=\"lazy\" width=\"850\" height=\"566\" src=\"https:\/\/neanoticias.com\/wp-content\/uploads\/2023\/08\/image-2.png\" alt=\"\" class=\"wp-image-906\" srcset=\"https:\/\/neanoticias.com\/wp-content\/uploads\/2023\/08\/image-2.png 850w, https:\/\/neanoticias.com\/wp-content\/uploads\/2023\/08\/image-2-300x200.png 300w, https:\/\/neanoticias.com\/wp-content\/uploads\/2023\/08\/image-2-768x511.png 768w\" sizes=\"(max-width: 850px) 100vw, 850px\" \/><\/figure>\n\n\n\n<p>A trav\u00e9s del programa Municipios y Comunidades Saludables, dependiente de la Secretar\u00eda de Salud y en articulaci\u00f3n con Viceintendencia, la comuna capitalina incorpor\u00f3 una serie de elementos destinados al trabajo diario que realiza en la ciudad la Subsecretar\u00eda de Tr\u00e1nsito y Seguridad Vial.<\/p>\n\n\n\n<p>El secretario de Movilidad y Seguridad del municipio, Jorge Sladek, destac\u00f3 que &#8220;en la oportunidad hemos recibido conos, chalecos refractarios, bastones luminosos, entre otros elementos a los que vamos a darle una gran utilidad en el trabajo que llevan adelante el \u00e1rea de Tr\u00e1nsito, y fundamentalmente la Direcci\u00f3n General de Seguridad Vial&#8221;.<\/p>\n\n\n\n<p>El funcionario indic\u00f3 que &#8220;todos estos elementos que nos proporcionaron a trav\u00e9s del programa Municipios Saludables tienen una alta demanda a ra\u00edz de los distintos programas que se implementan en la ciudad, no s\u00f3lo en los colegios sino tambi\u00e9n en los operativos que se realizan en la v\u00eda p\u00fablica y en otras circunstancias, que hoy por hoy nos lleva a tener un funcionamiento del cien por ciento de la Subsecretar\u00eda de Tr\u00e1nsito y Seguridad Vial&#8221;.<\/p>\n\n\n\n<p>&#8220;Celebramos cada vez que tenemos la incorporaci\u00f3n de distintos materiales de seguridad, que son elementos del trabajo diario, no solo de Tr\u00e1nsito, Seguridad Vial, sino tambi\u00e9n de Transporte e incluso la Guardia Urbana cuando nos presta su colaboraci\u00f3n en los operativos, porque es deber de la Municipalidad brindar primero seguridad a sus propios agentes, y esto es un granito m\u00e1s en el aporte que necesita el personal a la hora de salir a la calle para hacer su trabajo&#8221;, expres\u00f3 Sladek.<\/p>\n\n\n\n<p>Del acto celebrado en la plazoleta ubicada por avenida Artigas y Jos\u00e9 G\u00f3mez tambi\u00e9n particip\u00f3 la referente provincial de Municipios y Comunidades Saludables, Mar\u00eda Eugenia Roma, quien se\u00f1al\u00f3 que &#8220;a trav\u00e9s del programa se env\u00edan fondos a los municipios para que puedan adquirir diferentes equipamientos&#8221;.<\/p>\n\n\n\n<p>&#8220;Desde el Gobierno provincial trabajamos con los distintos municipios, y en este caso estamos haci\u00e9ndolo con el de Corrientes Capital en dos l\u00edneas, una de las cuales es la seguridad vial&#8221;, agreg\u00f3 la funcionaria provincial.<\/p>\n\n\n\n<p>En tanto la coordinadora de Operativos Barriales y Municipios Saludables, Claudia Campias, reflej\u00f3 que &#8220;la idea de incorporar estos equipamientos no solo es direccionar a los autom\u00f3viles en un operativo sino tambi\u00e9n proteger a los agentes que realizan su trabajo, para eso est\u00e1n los bastones luminosos y los chalecos refractarios, que les permite trabajar c\u00f3modos y seguros&#8221;.<\/p>\n\n\n\n<p>Campias expres\u00f3 que la otra l\u00ednea en la que se trabaja desde el programa tiene que ver con una ciudad amigable para los adultos mayores, &#8220;que es una de las cuestiones que el intendente Eduardo Tassano hizo hincapi\u00e9 desde la primera reuni\u00f3n. En ese contexto se trabaja para dise\u00f1ar, crear e implementar estrategias para que puedan tener un mayor acceso tanto a la salud como en el tr\u00e1nsito diario por la ciudad&#8221;, sostuvo.<\/p>\n\n\n\n<p>MATERIALES INCORPORADOS<br>Los materiales incorporados a la Subsecretar\u00eda de Tr\u00e1nsito y Seguridad Vial fueron: un (1) proyector LED 7.000 LM HD Ganic; una (1) notebook HP 250 G7; treinta (30) bastones luminosos de 41 cm intermitentes con sus correspondientes bater\u00edas; cien (100) conos viales de 1 mt r\u00edgido rojo refractarios; cien (100) conos viales de 75 cm base de goma pesada; y cien (100) chalecos refractarios.<\/p>\n","protected":false},"excerpt":{"rendered":"<p>A trav\u00e9s del programa Municipios y Comunidades Saludables, dependiente de la Secretar\u00eda de Salud y&#8230;<\/p>\n","protected":false},"author":1,"featured_media":0,"comment_status":"open","ping_status":"open","sticky":false,"template":"","format":"standard","meta":[],"categories":[1],"tags":[],"_links":{"self":[{"href":"https:\/\/neanoticias.com\/index.php\/wp-json\/wp\/v2\/posts\/905"}],"collection":[{"href":"https:\/\/neanoticias.com\/index.php\/wp-json\/wp\/v2\/posts"}],"about":[{"href":"https:\/\/neanoticias.com\/index.php\/wp-json\/wp\/v2\/types\/post"}],"author":[{"embeddable":true,"href":"https:\/\/neanoticias.com\/index.php\/wp-json\/wp\/v2\/users\/1"}],"replies":[{"embeddable":true,"href":"https:\/\/neanoticias.com\/index.php\/wp-json\/wp\/v2\/comments?post=905"}],"version-history":[{"count":1,"href":"https:\/\/neanoticias.com\/index.php\/wp-json\/wp\/v2\/posts\/905\/revisions"}],"predecessor-version":[{"id":907,"href":"https:\/\/neanoticias.com\/index.php\/wp-json\/wp\/v2\/posts\/905\/revisions\/907"}],"wp:attachment":[{"href":"https:\/\/neanoticias.com\/index.php\/wp-json\/wp\/v2\/media?parent=905"}],"wp:term":[{"taxonomy":"category","embeddable":true,"href":"https:\/\/neanoticias.com\/index.php\/wp-json\/wp\/v2\/categories?post=905"},{"taxonomy":"post_tag","embeddable":true,"href":"https:\/\/neanoticias.com\/index.php\/wp-json\/wp\/v2\/tags?post=905"}],"curies":[{"name":"wp","href":"https:\/\/api.w.org\/{rel}","templated":true}]}}