{"id":902,"date":"2023-08-25T14:13:00","date_gmt":"2023-08-25T14:13:00","guid":{"rendered":"https:\/\/neanoticias.com\/?p=902"},"modified":"2023-08-28T14:18:37","modified_gmt":"2023-08-28T14:18:37","slug":"tassano-anuncio-que-desde-este-lunes-28-se-pagara-el-plus-especial-para-municipales","status":"publish","type":"post","link":"https:\/\/neanoticias.com\/index.php\/2023\/08\/25\/tassano-anuncio-que-desde-este-lunes-28-se-pagara-el-plus-especial-para-municipales\/","title":{"rendered":"TASSANO ANUNCI\u00d3 QUE DESDE ESTE LUNES 28 SE PAGAR\u00c1 EL PLUS ESPECIAL PARA MUNICIPALES"},"content":{"rendered":"\n<figure class=\"wp-block-image size-full\"><img loading=\"lazy\" width=\"850\" height=\"567\" src=\"https:\/\/neanoticias.com\/wp-content\/uploads\/2023\/08\/image-1.png\" alt=\"\" class=\"wp-image-903\" srcset=\"https:\/\/neanoticias.com\/wp-content\/uploads\/2023\/08\/image-1.png 850w, https:\/\/neanoticias.com\/wp-content\/uploads\/2023\/08\/image-1-300x200.png 300w, https:\/\/neanoticias.com\/wp-content\/uploads\/2023\/08\/image-1-768x512.png 768w\" sizes=\"(max-width: 850px) 100vw, 850px\" \/><\/figure>\n\n\n\n<p>Este lunes 28, la Municipalidad de Corrientes iniciar\u00e1 el pago del plus especial de agosto para todo el personal, seg\u00fan inform\u00f3 el intendente Eduardo Tassano.<\/p>\n\n\n\n<p>Los trabajadores de planta y contrato y los agentes Neike bancarizados tendr\u00e1n depositados los pluses en sus respectivas cuentas bancarias el lunes 28, dinero al que podr\u00e1n acceder extray\u00e9ndolo a trav\u00e9s de los cajeros autom\u00e1ticos habilitados.<\/p>\n\n\n\n<p>En este marco, vale recordar que, de acuerdo a lo informado desde el Ejecutivo municipal a partir de los haberes correspondientes al mes de julio de 2023, est\u00e1n incluidos en los recibos de sueldo los montos abonados en concepto de pluses ordinario, extraordinario y especial. De esta manera se logra tener un recibo mensual \u00fanico de haberes, el cual incluye la totalidad de los montos percibidos por cada agente municipal.<\/p>\n\n\n\n<p>NEIKE<br>Por su parte, aquellos trabajadores Neike que no est\u00e1n bancarizados deber\u00e1n dirigirse a la Caja Municipal de Pr\u00e9stamos (CMP), en su sede central, ubicada en Brasil 1269. Los pagos se realizan de lunes a viernes, de 7:30 a 12:30 y de 16 a 20:30.<\/p>\n\n\n\n<p>En este caso, este lunes 28 les corresponder\u00e1 cobrar a los trabajadores cuyos DNI terminen en 0, 1 y 2; el martes 29, a los agentes con DNI finalizados en 3, 4, 5 y 6; y el mi\u00e9rcoles 30, a los que tengan documentos que culminen en 7, 8 y 9.<\/p>\n","protected":false},"excerpt":{"rendered":"<p>Este lunes 28, la Municipalidad de Corrientes iniciar\u00e1 el pago del plus especial de agosto&#8230;<\/p>\n","protected":false},"author":1,"featured_media":0,"comment_status":"open","ping_status":"open","sticky":false,"template":"","format":"standard","meta":[],"categories":[1],"tags":[],"_links":{"self":[{"href":"https:\/\/neanoticias.com\/index.php\/wp-json\/wp\/v2\/posts\/902"}],"collection":[{"href":"https:\/\/neanoticias.com\/index.php\/wp-json\/wp\/v2\/posts"}],"about":[{"href":"https:\/\/neanoticias.com\/index.php\/wp-json\/wp\/v2\/types\/post"}],"author":[{"embeddable":true,"href":"https:\/\/neanoticias.com\/index.php\/wp-json\/wp\/v2\/users\/1"}],"replies":[{"embeddable":true,"href":"https:\/\/neanoticias.com\/index.php\/wp-json\/wp\/v2\/comments?post=902"}],"version-history":[{"count":1,"href":"https:\/\/neanoticias.com\/index.php\/wp-json\/wp\/v2\/posts\/902\/revisions"}],"predecessor-version":[{"id":904,"href":"https:\/\/neanoticias.com\/index.php\/wp-json\/wp\/v2\/posts\/902\/revisions\/904"}],"wp:attachment":[{"href":"https:\/\/neanoticias.com\/index.php\/wp-json\/wp\/v2\/media?parent=902"}],"wp:term":[{"taxonomy":"category","embeddable":true,"href":"https:\/\/neanoticias.com\/index.php\/wp-json\/wp\/v2\/categories?post=902"},{"taxonomy":"post_tag","embeddable":true,"href":"https:\/\/neanoticias.com\/index.php\/wp-json\/wp\/v2\/tags?post=902"}],"curies":[{"name":"wp","href":"https:\/\/api.w.org\/{rel}","templated":true}]}}