{"id":900,"date":"2023-08-22T14:02:00","date_gmt":"2023-08-22T14:02:00","guid":{"rendered":"https:\/\/neanoticias.com\/?p=900"},"modified":"2023-08-28T14:03:28","modified_gmt":"2023-08-28T14:03:28","slug":"la-muni-en-tu-barrio-brindara-servicios-en-el-placido-martinez-y-el-san-marcelo","status":"publish","type":"post","link":"https:\/\/neanoticias.com\/index.php\/2023\/08\/22\/la-muni-en-tu-barrio-brindara-servicios-en-el-placido-martinez-y-el-san-marcelo\/","title":{"rendered":"LA MUNI EN TU BARRIO BRINDAR\u00c1 SERVICIOS EN EL PL\u00c1CIDO MART\u00cdNEZ Y EL SAN MARCELO"},"content":{"rendered":"\n<figure class=\"wp-block-image size-full\"><img loading=\"lazy\" width=\"770\" height=\"513\" src=\"https:\/\/neanoticias.com\/wp-content\/uploads\/2023\/08\/image.png\" alt=\"\" class=\"wp-image-896\" srcset=\"https:\/\/neanoticias.com\/wp-content\/uploads\/2023\/08\/image.png 770w, https:\/\/neanoticias.com\/wp-content\/uploads\/2023\/08\/image-300x200.png 300w, https:\/\/neanoticias.com\/wp-content\/uploads\/2023\/08\/image-768x512.png 768w\" sizes=\"(max-width: 770px) 100vw, 770px\" \/><\/figure>\n\n\n\n<p>El programa coordinado desde la Municipalidad de Corrientes, junto al Gobierno de la Provincia, contin\u00faa acercando prestaciones y servicios gratuitos a los vecinos de la ciudad. El mi\u00e9rcoles 23 de agosto, de 8 a 12, las actividades se realizar\u00e1n en el barrio Pl\u00e1cido Mart\u00ednez, mientras que el viernes 25 de agosto, se instalar\u00e1 en el San Marcelo. En ambos lugares, desde las 14, habr\u00e1 descacharrado.<\/p>\n\n\n\n<p>La Municipalidad de Corrientes, junto al Gobierno de la Provincia, contin\u00faa con las acciones semanales dentro del programa La Muni en tu Barrio. Durante la semana llegar\u00e1 el mi\u00e9rcoles 23, de 8 a 12, a las calles Agust\u00edn P. Justo y Pasaje Garpuchos del barrio Pl\u00e1cido Mart\u00ednez. Mientras que el viernes 25 la base de acciones estar\u00e1 en Yugoslavia y Palermo del barrio San Marcelo.<\/p>\n\n\n\n<p>Prestaciones de odontolog\u00eda, controles de peso y talla, control de m\u00e9dico general, el programa Mascotas Saludables, Mediaci\u00f3n, Defensa del Consumidor, tarjeta SUBE, Agricultura Periurbana (\u00d1ande Huerta), Comisiones Vecinales, asesoramiento para pensiones no contributivas y temas de ni\u00f1ez, diversidad y g\u00e9nero, ser\u00e1n las habituales prestaciones que llevar\u00e1n los equipos ejecutivos de la comuna capitalina a ambos lugares.<\/p>\n\n\n\n<p>En los diferentes stands los vecinos podr\u00e1n acceder al abordaje y prevenci\u00f3n de consumos problem\u00e1ticos, estar\u00e1n las \u00e1reas de Adultos Mayores, Infraestructura, Oficina de Empleo, servicio de peluquer\u00eda, Eco Trueque, entre otros.<\/p>\n\n\n\n<p>MASCOTAS SALUDABLES<\/p>\n\n\n\n<p>El programa municipal Mascotas Saludables tambi\u00e9n se suma a la lista de prestaciones, con controles de salud a mascotas, vacunaci\u00f3n y desparasitaci\u00f3n, que se brindan por orden de llegada.<\/p>\n\n\n\n<p>Tambi\u00e9n se implementan esterilizaciones (castraciones), para ello los interesados deben solicitar turnos en la p\u00e1gina web: www.ciudaddecorrientes.gov.ar\/mascotassaludables donde tienen que registrar sus datos personales y los de su mascota, y a la vez se les indica los requisitos que deben cumplir para que se den las condiciones seguras para la intervenci\u00f3n quir\u00fargica y luego deben seleccionar la opci\u00f3n para acceder al turno.<\/p>\n\n\n\n<p>DESCACHARRADO<\/p>\n\n\n\n<p>Tambi\u00e9n adquiere fundamental importancia la labor municipal para erradicar o minimizar la presencia del mosquito Aedes aegipty, vector del dengue y otras enfermedades.<\/p>\n\n\n\n<p>Para ello se implementar\u00e1 el descacharrado por la tarde, a partir de las 14, en las zonas donde est\u00e1 previsto esta semana el operativo La Muni en tu Barrio.<\/p>\n\n\n\n<p>El mi\u00e9rcoles 23 de agosto, en el Pl\u00e1cido Mart\u00ednez, la zona de acci\u00f3n estar\u00e1 delimitada por las calles Jos\u00e9 Rol\u00f3n, Amado Bonpland, Estados Unidos y avenida Armenia.<\/p>\n\n\n\n<p>El viernes 25 de agosto, en el San Marcelo, el radio de acci\u00f3n incluye avenida Cazadores Correntinos, avenida Montecarlo, San Francisco de As\u00eds y avenida S\u00e1nchez de Bustamante.<\/p>\n\n\n\n<p>Vale recordar que los vecinos deber\u00e1n sacar previamente todos aquellos elementos que se encuentren en desuso que puedan acumular agua y actuar como reservorios del mosquito, como ser: muebles y electrodom\u00e9sticos viejos, llantas, cubiertas, chatarra, baldes, juguetes, y toda clase de recipientes, los que ser\u00e1n retirados por personal municipal.<\/p>\n","protected":false},"excerpt":{"rendered":"<p>El programa coordinado desde la Municipalidad de Corrientes, junto al Gobierno de la Provincia, contin\u00faa&#8230;<\/p>\n","protected":false},"author":1,"featured_media":0,"comment_status":"open","ping_status":"open","sticky":false,"template":"","format":"standard","meta":[],"categories":[1],"tags":[],"_links":{"self":[{"href":"https:\/\/neanoticias.com\/index.php\/wp-json\/wp\/v2\/posts\/900"}],"collection":[{"href":"https:\/\/neanoticias.com\/index.php\/wp-json\/wp\/v2\/posts"}],"about":[{"href":"https:\/\/neanoticias.com\/index.php\/wp-json\/wp\/v2\/types\/post"}],"author":[{"embeddable":true,"href":"https:\/\/neanoticias.com\/index.php\/wp-json\/wp\/v2\/users\/1"}],"replies":[{"embeddable":true,"href":"https:\/\/neanoticias.com\/index.php\/wp-json\/wp\/v2\/comments?post=900"}],"version-history":[{"count":1,"href":"https:\/\/neanoticias.com\/index.php\/wp-json\/wp\/v2\/posts\/900\/revisions"}],"predecessor-version":[{"id":901,"href":"https:\/\/neanoticias.com\/index.php\/wp-json\/wp\/v2\/posts\/900\/revisions\/901"}],"wp:attachment":[{"href":"https:\/\/neanoticias.com\/index.php\/wp-json\/wp\/v2\/media?parent=900"}],"wp:term":[{"taxonomy":"category","embeddable":true,"href":"https:\/\/neanoticias.com\/index.php\/wp-json\/wp\/v2\/categories?post=900"},{"taxonomy":"post_tag","embeddable":true,"href":"https:\/\/neanoticias.com\/index.php\/wp-json\/wp\/v2\/tags?post=900"}],"curies":[{"name":"wp","href":"https:\/\/api.w.org\/{rel}","templated":true}]}}