{"id":892,"date":"2023-08-23T14:24:50","date_gmt":"2023-08-23T14:24:50","guid":{"rendered":"https:\/\/neanoticias.com\/?p=892"},"modified":"2023-08-23T14:24:51","modified_gmt":"2023-08-23T14:24:51","slug":"rosario-interrumpieron-un-acto-escolar-al-escuchar-los-disparos-de-un-ataque-sicario","status":"publish","type":"post","link":"https:\/\/neanoticias.com\/index.php\/2023\/08\/23\/rosario-interrumpieron-un-acto-escolar-al-escuchar-los-disparos-de-un-ataque-sicario\/","title":{"rendered":"ROSARIO: INTERRUMPIERON UN ACTO ESCOLAR AL ESCUCHAR LOS DISPAROS DE UN ATAQUE SICARIO"},"content":{"rendered":"\n<p>Dos hombres cruzaron en moto y dispararon contra una vivienda ubicada a metros del colegio, mientras alumnos de entre 8 y 10 a\u00f1os realizaban un homenaje a San Mart\u00edn. Se escucharon m\u00e1s de 12 detonaciones.<\/p>\n\n\n\n<figure class=\"wp-block-image size-full\"><img loading=\"lazy\" width=\"850\" height=\"428\" src=\"https:\/\/neanoticias.com\/wp-content\/uploads\/2023\/08\/1315745w850h428c.jpg.webp\" alt=\"\" class=\"wp-image-893\" srcset=\"https:\/\/neanoticias.com\/wp-content\/uploads\/2023\/08\/1315745w850h428c.jpg.webp 850w, https:\/\/neanoticias.com\/wp-content\/uploads\/2023\/08\/1315745w850h428c.jpg-300x151.webp 300w, https:\/\/neanoticias.com\/wp-content\/uploads\/2023\/08\/1315745w850h428c.jpg-768x387.webp 768w\" sizes=\"(max-width: 850px) 100vw, 850px\" \/><\/figure>\n\n\n\n<p>Un homenaje al general Jos\u00e9 de San Mart\u00edn en una escuela de Rosario, Santa Fe, vivi\u00f3 un momento de terror este martes por la tarde. Mientras alumnos de entre 8 y 10 a\u00f1os realizaban el acto escolar, se escucharon m\u00e1s de 12 disparos a metros del colegio.<\/p>\n\n\n\n<p>&nbsp;El aterrador episodio ocurri\u00f3 apenas pasadas las 16 en la Escuela N\u00b01309, ubicada en la intersecci\u00f3n de las calles Bolivia y La Paz del barrio Godoy de Rosario, a la que asisten alumnos de jard\u00edn de infantes y de primaria.<\/p>\n\n\n\n<p>La situaci\u00f3n qued\u00f3 grabada por completo debido a que los padres estaban filmando a sus hijos mientras actuaban en el momento en que se empezaron a escuchar los disparos como si estuviesen atacando contra la escuela.<\/p>\n\n\n\n<p>El video muestra a una nena vestida con un largo vestido azul y con el micr\u00f3fono en la mano. La alumna se dispon\u00eda a hablar como protagonista del acto escolar cuando se escucharon un sinf\u00edn de ruidos similares a disparos.<\/p>\n\n\n\n<p>En el momento ninguna persona presente en el lugar tom\u00f3 conciencia de lo que ocurr\u00eda, ya que no sab\u00edan si se trataba de un ruido de un ca\u00f1o de escape, de una balacera o era parte de la m\u00fasica preparada para el acto.<\/p>\n\n\n\n<p>Lo cierto es que la jornada continu\u00f3 con total normalidad hasta que las autoridades policiales de Rosario confirmaron que se hab\u00eda tratado de m\u00e1s de 12 disparos y tuvieron que realizar un operativo dentro del colegio.<\/p>\n\n\n\n<p>La Polic\u00eda brind\u00f3 m\u00e1s detalles sobre el episodio y explic\u00f3 que se trat\u00f3 de dos hombres que pasaron en moto por la puerta del colegio y dispararon contra la puerta de la casa de una mujer de 66 a\u00f1os, para luego escapar con direcci\u00f3n al oeste de la ciudad.<\/p>\n\n\n\n<p>El jefe policial de Rosario, Diego Santamar\u00eda, asegur\u00f3 que no hubo heridos y que se secuestraron 12 vainas calibre 9 mil\u00edmetros. Tambi\u00e9n detall\u00f3 que los agresores iban con cascos puestos, por lo que se dificulta la posibilidad de identificarlos a trav\u00e9s de c\u00e1maras de seguridad.<\/p>\n\n\n\n<p>La madre de uno de los alumnos que estuvo presente en el lugar cont\u00f3 c\u00f3mo vivi\u00f3 la aterradora situaci\u00f3n: &#8220;Nos miramos, pensamos que era una moto o parte del sonido de la canci\u00f3n, pero despu\u00e9s dijimos: no, son disparos&#8221;.<\/p>\n\n\n\n<p>&#8220;El acto lo terminaron r\u00e1pido y enviaron a los chicos al sal\u00f3n. Cuando lleg\u00f3 la Polic\u00eda y empez\u00f3 el operativo, nos retiramos con los chicos. Mi hija es de los grados menores y con su inocencia no entend\u00eda qu\u00e9 pasaba y me preguntaba por qu\u00e9 se hab\u00edan ido todos&#8221;, agreg\u00f3 en di\u00e1logo con Telenoche Rosario (El Tres).<\/p>\n\n\n\n<p>La mujer revel\u00f3 que varios padres de la escuela exigen mayor seguridad para volver a enviar a sus hijos a clases luego del episodio sufrido el martes por la tarde a plena luz del d\u00eda.<\/p>\n\n\n\n<p>&#8220;Entre los padres nos preguntamos qu\u00e9 hacemos ma\u00f1ana, m\u00e1s all\u00e1 de lo que decida la direcci\u00f3n. Nadie nos da garant\u00eda de que esto no pueda volver a pasar ma\u00f1ana o pasado. Es una tristeza que los chicos est\u00e9n creciendo con esta realidad&#8221;, se\u00f1al\u00f3.<\/p>\n","protected":false},"excerpt":{"rendered":"<p>Dos hombres cruzaron en moto y dispararon contra una vivienda ubicada a metros del colegio,&#8230;<\/p>\n","protected":false},"author":1,"featured_media":893,"comment_status":"open","ping_status":"open","sticky":false,"template":"","format":"standard","meta":[],"categories":[1],"tags":[],"_links":{"self":[{"href":"https:\/\/neanoticias.com\/index.php\/wp-json\/wp\/v2\/posts\/892"}],"collection":[{"href":"https:\/\/neanoticias.com\/index.php\/wp-json\/wp\/v2\/posts"}],"about":[{"href":"https:\/\/neanoticias.com\/index.php\/wp-json\/wp\/v2\/types\/post"}],"author":[{"embeddable":true,"href":"https:\/\/neanoticias.com\/index.php\/wp-json\/wp\/v2\/users\/1"}],"replies":[{"embeddable":true,"href":"https:\/\/neanoticias.com\/index.php\/wp-json\/wp\/v2\/comments?post=892"}],"version-history":[{"count":1,"href":"https:\/\/neanoticias.com\/index.php\/wp-json\/wp\/v2\/posts\/892\/revisions"}],"predecessor-version":[{"id":894,"href":"https:\/\/neanoticias.com\/index.php\/wp-json\/wp\/v2\/posts\/892\/revisions\/894"}],"wp:featuredmedia":[{"embeddable":true,"href":"https:\/\/neanoticias.com\/index.php\/wp-json\/wp\/v2\/media\/893"}],"wp:attachment":[{"href":"https:\/\/neanoticias.com\/index.php\/wp-json\/wp\/v2\/media?parent=892"}],"wp:term":[{"taxonomy":"category","embeddable":true,"href":"https:\/\/neanoticias.com\/index.php\/wp-json\/wp\/v2\/categories?post=892"},{"taxonomy":"post_tag","embeddable":true,"href":"https:\/\/neanoticias.com\/index.php\/wp-json\/wp\/v2\/tags?post=892"}],"curies":[{"name":"wp","href":"https:\/\/api.w.org\/{rel}","templated":true}]}}