{"id":89,"date":"2022-08-26T14:23:29","date_gmt":"2022-08-26T14:23:29","guid":{"rendered":"https:\/\/neanoticias.com\/?p=89"},"modified":"2022-08-26T14:23:29","modified_gmt":"2022-08-26T14:23:29","slug":"caso-arias-fiscales-admitieron-que-hay-seis-lineas-investigativas-pero-siguen-sin-identificar-al-autor-de-los-disparos","status":"publish","type":"post","link":"https:\/\/neanoticias.com\/index.php\/2022\/08\/26\/caso-arias-fiscales-admitieron-que-hay-seis-lineas-investigativas-pero-siguen-sin-identificar-al-autor-de-los-disparos\/","title":{"rendered":"CASO ARIAS: FISCALES ADMITIERON QUE HAY &#8220;SEIS L\u00cdNEAS INVESTIGATIVAS&#8221; PERO SIGUEN SIN IDENTIFICAR AL AUTOR DE LOS DISPAROS"},"content":{"rendered":"\n<p>La titular de la Unidad Fiscal de Recepci\u00f3n y An\u00e1lisis de Casos (UFRAC), doctora Noelia Lena, y el titular de la Unidad Fiscal de Investigaciones Concretas (UFIC), doctor Facundo Sotelo, ambos de de Paso de los Libres, brindaron una conferencia de prensa virtual sobre la investigaci\u00f3n del atentado al diputado Miguel Arias, acaecido durante un acto partidario el 26 de agosto del 2021.\u00a0<\/p>\n\n\n\n<figure class=\"wp-block-image size-full\"><img loading=\"lazy\" width=\"850\" height=\"540\" src=\"https:\/\/neanoticias.com\/wp-content\/uploads\/2022\/08\/173805w850h540c.jpg.webp\" alt=\"\" class=\"wp-image-90\" srcset=\"https:\/\/neanoticias.com\/wp-content\/uploads\/2022\/08\/173805w850h540c.jpg.webp 850w, https:\/\/neanoticias.com\/wp-content\/uploads\/2022\/08\/173805w850h540c.jpg-300x191.webp 300w, https:\/\/neanoticias.com\/wp-content\/uploads\/2022\/08\/173805w850h540c.jpg-768x488.webp 768w\" sizes=\"(max-width: 850px) 100vw, 850px\" \/><\/figure>\n\n\n\n<p>&#8220;No hemos individualizado al autor de los disparos&#8221;, coincidieron los fiscales Noelia Lena y Facundo Sotelo, quienes brindaron una conferencia de prensa virtual desde Paso de los Libres.<\/p>\n\n\n\n<p>&#8220;Trazamos seis l\u00edneas de investigaci\u00f3n, pero en ninguna pudimos dar con el autor&#8221;, resalt\u00f3 Lena, y recalc\u00f3: &#8220;la querella es aut\u00f3noma y puede establecer su hip\u00f3tesis, sin embargo tampoco pudieron individualizar al autor del disparo &#8220;<\/p>\n\n\n\n<p><br><br>&#8220;La investigaci\u00f3n continua abierta y activa&#8221;, aclar\u00f3 el doctor Sotelo<\/p>\n\n\n\n<p>El Fiscal reconoci\u00f3: &#8220;Fuimos objeto de criticas y preguntas por parte de la querella. Y nuestra funci\u00f3n es la misma que la de la querella. Tal vez las respuestas a las preguntas las tiene la misma querella&#8221;<\/p>\n\n\n\n<p>&#8220;Los recursos del Ministerio P\u00fablico Fiscal fueron puestos a disposici\u00f3n en todo momento a la querella&#8221;, sostuvo Sotelo.<\/p>\n","protected":false},"excerpt":{"rendered":"<p>La titular de la Unidad Fiscal de Recepci\u00f3n y An\u00e1lisis de Casos (UFRAC), doctora Noelia&#8230;<\/p>\n","protected":false},"author":1,"featured_media":90,"comment_status":"open","ping_status":"open","sticky":false,"template":"","format":"standard","meta":[],"categories":[1],"tags":[],"_links":{"self":[{"href":"https:\/\/neanoticias.com\/index.php\/wp-json\/wp\/v2\/posts\/89"}],"collection":[{"href":"https:\/\/neanoticias.com\/index.php\/wp-json\/wp\/v2\/posts"}],"about":[{"href":"https:\/\/neanoticias.com\/index.php\/wp-json\/wp\/v2\/types\/post"}],"author":[{"embeddable":true,"href":"https:\/\/neanoticias.com\/index.php\/wp-json\/wp\/v2\/users\/1"}],"replies":[{"embeddable":true,"href":"https:\/\/neanoticias.com\/index.php\/wp-json\/wp\/v2\/comments?post=89"}],"version-history":[{"count":1,"href":"https:\/\/neanoticias.com\/index.php\/wp-json\/wp\/v2\/posts\/89\/revisions"}],"predecessor-version":[{"id":91,"href":"https:\/\/neanoticias.com\/index.php\/wp-json\/wp\/v2\/posts\/89\/revisions\/91"}],"wp:featuredmedia":[{"embeddable":true,"href":"https:\/\/neanoticias.com\/index.php\/wp-json\/wp\/v2\/media\/90"}],"wp:attachment":[{"href":"https:\/\/neanoticias.com\/index.php\/wp-json\/wp\/v2\/media?parent=89"}],"wp:term":[{"taxonomy":"category","embeddable":true,"href":"https:\/\/neanoticias.com\/index.php\/wp-json\/wp\/v2\/categories?post=89"},{"taxonomy":"post_tag","embeddable":true,"href":"https:\/\/neanoticias.com\/index.php\/wp-json\/wp\/v2\/tags?post=89"}],"curies":[{"name":"wp","href":"https:\/\/api.w.org\/{rel}","templated":true}]}}