{"id":886,"date":"2023-08-23T14:12:33","date_gmt":"2023-08-23T14:12:33","guid":{"rendered":"https:\/\/neanoticias.com\/?p=886"},"modified":"2023-08-23T14:12:33","modified_gmt":"2023-08-23T14:12:33","slug":"la-edicion-2023-de-la-fiesta-del-dorado-marco-un-punto-de-inflexion","status":"publish","type":"post","link":"https:\/\/neanoticias.com\/index.php\/2023\/08\/23\/la-edicion-2023-de-la-fiesta-del-dorado-marco-un-punto-de-inflexion\/","title":{"rendered":"LA EDICI\u00d3N 2023 DE LA FIESTA DEL DORADO MARC\u00d3 UN PUNTO DE INFLEXI\u00d3N"},"content":{"rendered":"\n<p>Las actividades culturales se desarrollaron en un nuevo predio de Paso de la Patria, autoridades municipales destacaron la buena respuesta del p\u00fablico que visit\u00f3 la localidad, en todas las jornadas del torneo de pesca.<\/p>\n\n\n\n<figure class=\"wp-block-image size-full\"><img loading=\"lazy\" width=\"762\" height=\"464\" src=\"https:\/\/neanoticias.com\/wp-content\/uploads\/2023\/08\/1315680w762h464c.jpg.webp\" alt=\"\" class=\"wp-image-887\" srcset=\"https:\/\/neanoticias.com\/wp-content\/uploads\/2023\/08\/1315680w762h464c.jpg.webp 762w, https:\/\/neanoticias.com\/wp-content\/uploads\/2023\/08\/1315680w762h464c.jpg-300x183.webp 300w\" sizes=\"(max-width: 762px) 100vw, 762px\" \/><\/figure>\n\n\n\n<p>La 58\u00aa Fiesta Nacional del Dorado en Paso de la Patria tuvo una destacada participaci\u00f3n femenina. De hecho, la ganadora absoluta fue una de ellas, Cintia Paniagua, quien logr\u00f3 capturar la pieza de mayor tama\u00f1o y fue quien, individualmente, con tres peces, pesc\u00f3 lamayor cantidad de ejemplares. Tambi\u00e9n marca un punto de inflexi\u00f3n, ya que en el polideportivo se prepar\u00f3 un predio que pudo contener a todos los visitantes y con mejor infraestructura.<\/p>\n\n\n\n<p>Al comentar el hecho, el intendente, Guillermo Osnaghi, tambi\u00e9n destac\u00f3 esa participaci\u00f3n y record\u00f3 que &#8220;la convocatoria es para toda la familia, tanto en los concursos de pesca, como a los visitantes que vienen a disfrutar de nuestro r\u00edo y atractivos naturales&#8221;.<\/p>\n\n\n\n<p>Al resaltar que la edici\u00f3n 2023 fue un \u00e9xito rotundo, lo adjudic\u00f3 al &#8220;trabajo en equipo que desarrollamos desde el Municipio y la coordinaci\u00f3n de toda la organizaci\u00f3n con el sector privado y la comunidad en general&#8221;.<\/p>\n\n\n\n<p>&#8220;Todos los que queremos a Paso de la Patria le pusimos el coraz\u00f3n y eso se vio reflejado en el resultado de la Fiesta&#8221;, indic\u00f3.<\/p>\n\n\n\n<p>Asimismo, destac\u00f3 la decisi\u00f3n de trasladar los festivales al nuevo predio y adelant\u00f3 que aspiran a que la localidad tenga su propio predio de eventos masivos, similar a complejo Costa Surub\u00ed de Goya, porque &#8220;el anfiteatro Pinim Palma nos qued\u00f3 chico&#8221;.<\/p>\n\n\n\n<p>Luego se\u00f1al\u00f3 que &#8220;siempre se trabaja en conjunto con el sector privado, porque la Municipalidad sola no puede con toda la carga de organizar este y otros eventos de magnitud y naturaleza similar&#8221;.<\/p>\n\n\n\n<p>Puso en relieve que en el nuevo predio en el que se desarrollaron las actividades culturales hubo espacio para todos, &#8220;hubo una masiva presencia de gente pero no estaban amontonados&#8221;, resalt\u00f3 el Jefe comunal.<\/p>\n\n\n\n<p>Tambi\u00e9n reconoci\u00f3 el \u00edmpetu y decisi\u00f3n con que las mujeres fueron protagonistas del concurso de pesca, al destacar que hubo numerosas barras integradas exclusivamente por ellas, y reconoci\u00f3 el rol de la ganadora Cintia Paniagua como parte de un equipo mixto.<\/p>\n\n\n\n<p>En cuanto a la infraestructura aleda\u00f1a, dijo: &#8220;Se mejoraron con aporte del Gobierno de la Provincia, en la construcci\u00f3n de cord\u00f3n cuneta, ripio de las calles, instalaci\u00f3n de nuevas luminarias y optimizaci\u00f3n de desag\u00fces, lo que se not\u00f3 con lo poco que afect\u00f3 la lluvia del viernes y admiti\u00f3 que el buen clima ayud\u00f3 mucho&#8221;.<\/p>\n\n\n\n<p>Resalt\u00f3 los d\u00edas de recitales a pleno en todas las jornadas y la alta concurrencia al Paseo Gastron\u00f3mico. Tambi\u00e9n expres\u00f3 su satisfacci\u00f3n porque &#8220;con este nuevo lugar para estas actividades, se marca un antes y un despu\u00e9s&#8221; en la Fiesta del Dorado.<\/p>\n\n\n\n<p>Osnaghi tuvo palabras de reconocimiento para la C\u00e1mara de Prestadores de Servicios Tur\u00edsticos de la localidad y destac\u00f3 que siempre es esencial la articulaci\u00f3n con el sector privado.<\/p>\n","protected":false},"excerpt":{"rendered":"<p>Las actividades culturales se desarrollaron en un nuevo predio de Paso de la Patria, autoridades&#8230;<\/p>\n","protected":false},"author":1,"featured_media":887,"comment_status":"open","ping_status":"open","sticky":false,"template":"","format":"standard","meta":[],"categories":[1],"tags":[],"_links":{"self":[{"href":"https:\/\/neanoticias.com\/index.php\/wp-json\/wp\/v2\/posts\/886"}],"collection":[{"href":"https:\/\/neanoticias.com\/index.php\/wp-json\/wp\/v2\/posts"}],"about":[{"href":"https:\/\/neanoticias.com\/index.php\/wp-json\/wp\/v2\/types\/post"}],"author":[{"embeddable":true,"href":"https:\/\/neanoticias.com\/index.php\/wp-json\/wp\/v2\/users\/1"}],"replies":[{"embeddable":true,"href":"https:\/\/neanoticias.com\/index.php\/wp-json\/wp\/v2\/comments?post=886"}],"version-history":[{"count":1,"href":"https:\/\/neanoticias.com\/index.php\/wp-json\/wp\/v2\/posts\/886\/revisions"}],"predecessor-version":[{"id":888,"href":"https:\/\/neanoticias.com\/index.php\/wp-json\/wp\/v2\/posts\/886\/revisions\/888"}],"wp:featuredmedia":[{"embeddable":true,"href":"https:\/\/neanoticias.com\/index.php\/wp-json\/wp\/v2\/media\/887"}],"wp:attachment":[{"href":"https:\/\/neanoticias.com\/index.php\/wp-json\/wp\/v2\/media?parent=886"}],"wp:term":[{"taxonomy":"category","embeddable":true,"href":"https:\/\/neanoticias.com\/index.php\/wp-json\/wp\/v2\/categories?post=886"},{"taxonomy":"post_tag","embeddable":true,"href":"https:\/\/neanoticias.com\/index.php\/wp-json\/wp\/v2\/tags?post=886"}],"curies":[{"name":"wp","href":"https:\/\/api.w.org\/{rel}","templated":true}]}}