{"id":880,"date":"2023-08-23T14:09:11","date_gmt":"2023-08-23T14:09:11","guid":{"rendered":"https:\/\/neanoticias.com\/?p=880"},"modified":"2023-08-23T14:09:12","modified_gmt":"2023-08-23T14:09:12","slug":"conductor-con-fractura-expuesta-tras-chocar-contra-un-automovil","status":"publish","type":"post","link":"https:\/\/neanoticias.com\/index.php\/2023\/08\/23\/conductor-con-fractura-expuesta-tras-chocar-contra-un-automovil\/","title":{"rendered":"CONDUCTOR CON FRACTURA EXPUESTA TRAS CHOCAR CONTRA UN AUTOM\u00d3VIL"},"content":{"rendered":"\n<p>Por poco golpea su cabeza contra el cord\u00f3n. En otro siniestro una mujer que iba en bicicleta tambi\u00e9n sufri\u00f3 fracturas.<\/p>\n\n\n\n<figure class=\"wp-block-image size-full\"><img loading=\"lazy\" width=\"762\" height=\"518\" src=\"https:\/\/neanoticias.com\/wp-content\/uploads\/2023\/08\/1315702w762h518c.jpg.webp\" alt=\"\" class=\"wp-image-881\" srcset=\"https:\/\/neanoticias.com\/wp-content\/uploads\/2023\/08\/1315702w762h518c.jpg.webp 762w, https:\/\/neanoticias.com\/wp-content\/uploads\/2023\/08\/1315702w762h518c.jpg-300x204.webp 300w\" sizes=\"(max-width: 762px) 100vw, 762px\" \/><\/figure>\n\n\n\n<p>En la ma\u00f1ana de ayer, dos siniestros viales registrados en barrios capitalinos dejaron a conductores con severas lesiones y fracturas. Se trat\u00f3 de un motociclista y una mujer que se desplazaba en bicicleta, ambos mayores de edad.<\/p>\n\n\n\n<p>Uno de los choques, entre una moto y un autom\u00f3vil, sucedi\u00f3 en la intersecci\u00f3n de las calles El\u00edas Abad y Lamadrid, del barrio San Benito de esta capital, en horas de la ma\u00f1ana.<\/p>\n\n\n\n<p>El conductor de la motocicleta de 60 a\u00f1os no llevaba colocado casco de seguridad al momento del siniestro vial, informaron vecinos de la zona.<\/p>\n\n\n\n<p>Por el fuerte impacto contra un autom\u00f3vil Fiat Argo, el hombre cay\u00f3 al costado del cord\u00f3n de la vereda y se fractur\u00f3 el pie derecho.<\/p>\n\n\n\n<p>All\u00ed qued\u00f3 tendido hasta que una vecina lleg\u00f3 a socorrerlo.<\/p>\n\n\n\n<p>Se inform\u00f3 del siniestro vial al servicio del 107 y personal policial quienes llegaron de inmediato.<\/p>\n\n\n\n<p>En ambulancia el hombre fue trasladado al Hospital Escuela en el que ingres\u00f3 con fractura expuesta y fuerte dolor de cabeza.<\/p>\n\n\n\n<p>Indicaron fuentes policiales que quien guiaba el autom\u00f3vil result\u00f3 ileso.<\/p>\n\n\n\n<p>Por otra parte, horas despu\u00e9s una mujer mayor de edad que se desplazaba en bicicleta por avenida Colon fue embestida por un motociclista.<\/p>\n\n\n\n<p>La conductora qued\u00f3 tendida en la cinta asf\u00e1ltica a la altura con el cruce de la calle Hernandaria.<\/p>\n\n\n\n<p>&#8220;La mujer se quejaba de fuertes dolores en su pierna izquierda. Tambi\u00e9n fue diagnostica con una fractura y politraumatismos&#8221;, dijo una fuente oficial a este medio.<\/p>\n\n\n\n<p>Fue asistida por personal del 107 quien la traslad\u00f3 a un centro de salud para su atenci\u00f3n m\u00e9dica.<\/p>\n\n\n\n<p>En tanto, quien guiaba la moto sufri\u00f3 lesiones leves, informaron.<\/p>\n\n\n\n<p>El tr\u00e1nsito en la zona se vio interrumpido hasta que retiraron ambos rodados involucrados.<\/p>\n\n\n\n<p>Personal policial realiz\u00f3 las actuaciones del caso.<\/p>\n","protected":false},"excerpt":{"rendered":"<p>Por poco golpea su cabeza contra el cord\u00f3n. En otro siniestro una mujer que iba&#8230;<\/p>\n","protected":false},"author":1,"featured_media":881,"comment_status":"open","ping_status":"open","sticky":false,"template":"","format":"standard","meta":[],"categories":[1],"tags":[],"_links":{"self":[{"href":"https:\/\/neanoticias.com\/index.php\/wp-json\/wp\/v2\/posts\/880"}],"collection":[{"href":"https:\/\/neanoticias.com\/index.php\/wp-json\/wp\/v2\/posts"}],"about":[{"href":"https:\/\/neanoticias.com\/index.php\/wp-json\/wp\/v2\/types\/post"}],"author":[{"embeddable":true,"href":"https:\/\/neanoticias.com\/index.php\/wp-json\/wp\/v2\/users\/1"}],"replies":[{"embeddable":true,"href":"https:\/\/neanoticias.com\/index.php\/wp-json\/wp\/v2\/comments?post=880"}],"version-history":[{"count":1,"href":"https:\/\/neanoticias.com\/index.php\/wp-json\/wp\/v2\/posts\/880\/revisions"}],"predecessor-version":[{"id":882,"href":"https:\/\/neanoticias.com\/index.php\/wp-json\/wp\/v2\/posts\/880\/revisions\/882"}],"wp:featuredmedia":[{"embeddable":true,"href":"https:\/\/neanoticias.com\/index.php\/wp-json\/wp\/v2\/media\/881"}],"wp:attachment":[{"href":"https:\/\/neanoticias.com\/index.php\/wp-json\/wp\/v2\/media?parent=880"}],"wp:term":[{"taxonomy":"category","embeddable":true,"href":"https:\/\/neanoticias.com\/index.php\/wp-json\/wp\/v2\/categories?post=880"},{"taxonomy":"post_tag","embeddable":true,"href":"https:\/\/neanoticias.com\/index.php\/wp-json\/wp\/v2\/tags?post=880"}],"curies":[{"name":"wp","href":"https:\/\/api.w.org\/{rel}","templated":true}]}}