{"id":873,"date":"2023-07-21T11:12:00","date_gmt":"2023-07-21T11:12:00","guid":{"rendered":"https:\/\/neanoticias.com\/?p=873"},"modified":"2023-07-28T11:13:50","modified_gmt":"2023-07-28T11:13:50","slug":"corrientes-tendra-una-desfile-de-mascotas-en-la-feria-del-paseo-ibera","status":"publish","type":"post","link":"https:\/\/neanoticias.com\/index.php\/2023\/07\/21\/corrientes-tendra-una-desfile-de-mascotas-en-la-feria-del-paseo-ibera\/","title":{"rendered":"CORRIENTES TENDR\u00c1 UNA DESFILE DE MASCOTAS EN LA FERIA DEL PASEO IBER\u00c1"},"content":{"rendered":"\n<figure class=\"wp-block-image size-full\"><img loading=\"lazy\" width=\"770\" height=\"511\" src=\"https:\/\/neanoticias.com\/wp-content\/uploads\/2023\/07\/image-2.png\" alt=\"\" class=\"wp-image-874\" srcset=\"https:\/\/neanoticias.com\/wp-content\/uploads\/2023\/07\/image-2.png 770w, https:\/\/neanoticias.com\/wp-content\/uploads\/2023\/07\/image-2-300x199.png 300w, https:\/\/neanoticias.com\/wp-content\/uploads\/2023\/07\/image-2-768x510.png 768w\" sizes=\"(max-width: 770px) 100vw, 770px\" \/><\/figure>\n\n\n\n<p>Este domingo de 16 a 22 hs la Expo Emprendedora estar\u00e1 en el Paseo Iber\u00e1 y la Multiferia de 15 a 21 hs en el Parque Eucaliptal en el B\u00ba San Jer\u00f3nimo.<\/p>\n\n\n\n<p>En el Paseo Iber\u00e1 se tiene previsto un desfile de mascotas para festejar el D\u00eda del Amigo con tu mejor amigo, ubicado debajo del Puente Gral. Manuel Belgrano en la intersecci\u00f3n de 3 de Abril y Costanera, aproximadamente a las 19 hs.<\/p>\n\n\n\n<p>La idea es que la gente vaya con su mascota, (su mejor amigo) y participe del desfile.<\/p>\n\n\n\n<p>El evento otorgar\u00e1 premios para cinco participantes.<\/p>\n","protected":false},"excerpt":{"rendered":"<p>Este domingo de 16 a 22 hs la Expo Emprendedora estar\u00e1 en el Paseo Iber\u00e1&#8230;<\/p>\n","protected":false},"author":1,"featured_media":0,"comment_status":"open","ping_status":"open","sticky":false,"template":"","format":"standard","meta":[],"categories":[1],"tags":[],"_links":{"self":[{"href":"https:\/\/neanoticias.com\/index.php\/wp-json\/wp\/v2\/posts\/873"}],"collection":[{"href":"https:\/\/neanoticias.com\/index.php\/wp-json\/wp\/v2\/posts"}],"about":[{"href":"https:\/\/neanoticias.com\/index.php\/wp-json\/wp\/v2\/types\/post"}],"author":[{"embeddable":true,"href":"https:\/\/neanoticias.com\/index.php\/wp-json\/wp\/v2\/users\/1"}],"replies":[{"embeddable":true,"href":"https:\/\/neanoticias.com\/index.php\/wp-json\/wp\/v2\/comments?post=873"}],"version-history":[{"count":1,"href":"https:\/\/neanoticias.com\/index.php\/wp-json\/wp\/v2\/posts\/873\/revisions"}],"predecessor-version":[{"id":875,"href":"https:\/\/neanoticias.com\/index.php\/wp-json\/wp\/v2\/posts\/873\/revisions\/875"}],"wp:attachment":[{"href":"https:\/\/neanoticias.com\/index.php\/wp-json\/wp\/v2\/media?parent=873"}],"wp:term":[{"taxonomy":"category","embeddable":true,"href":"https:\/\/neanoticias.com\/index.php\/wp-json\/wp\/v2\/categories?post=873"},{"taxonomy":"post_tag","embeddable":true,"href":"https:\/\/neanoticias.com\/index.php\/wp-json\/wp\/v2\/tags?post=873"}],"curies":[{"name":"wp","href":"https:\/\/api.w.org\/{rel}","templated":true}]}}