{"id":860,"date":"2023-07-27T15:21:08","date_gmt":"2023-07-27T15:21:08","guid":{"rendered":"https:\/\/neanoticias.com\/?p=860"},"modified":"2023-07-27T15:21:09","modified_gmt":"2023-07-27T15:21:09","slug":"delincuente-robo-una-moto-estacionada-en-la-vereda","status":"publish","type":"post","link":"https:\/\/neanoticias.com\/index.php\/2023\/07\/27\/delincuente-robo-una-moto-estacionada-en-la-vereda\/","title":{"rendered":"DELINCUENTE ROB\u00d3 UNA MOTO ESTACIONADA EN LA VEREDA"},"content":{"rendered":"\n<p>Ocurri\u00f3 en una zona c\u00e9ntrica de la ciudad de Corrientes.\u00a0 Una c\u00e1mara capt\u00f3 el momento del robo.\u00a0<\/p>\n\n\n\n<figure class=\"wp-block-image size-full\"><img loading=\"lazy\" width=\"762\" height=\"500\" src=\"https:\/\/neanoticias.com\/wp-content\/uploads\/2023\/07\/1310716w762h500c.jpg.webp\" alt=\"\" class=\"wp-image-861\" srcset=\"https:\/\/neanoticias.com\/wp-content\/uploads\/2023\/07\/1310716w762h500c.jpg.webp 762w, https:\/\/neanoticias.com\/wp-content\/uploads\/2023\/07\/1310716w762h500c.jpg-300x197.webp 300w\" sizes=\"(max-width: 762px) 100vw, 762px\" \/><\/figure>\n\n\n\n<p>Un delincuente termin\u00f3 sustrayendo una motocicleta Zanella ZB Full que se encontraba estacionada en la vereda de una vivienda.&nbsp;<\/p>\n\n\n\n<p>El robo ocurri\u00f3 este mi\u00e9rcoles en horas de la siesta, por calle Entre R\u00edos entre Belgrano y Bolivar de la ciudad de Corrientes.&nbsp;<\/p>\n\n\n\n<p>Una c\u00e1mara de seguridad privada logr\u00f3 captar toda la secuencia del hecho de inseguridad.&nbsp;<\/p>\n\n\n\n<p>La propietaria del rodado ofrece recompensa para quien brinde informaci\u00f3n que le permitar recuperar su moto.&nbsp;<\/p>\n","protected":false},"excerpt":{"rendered":"<p>Ocurri\u00f3 en una zona c\u00e9ntrica de la ciudad de Corrientes.\u00a0 Una c\u00e1mara capt\u00f3 el momento&#8230;<\/p>\n","protected":false},"author":1,"featured_media":861,"comment_status":"open","ping_status":"open","sticky":false,"template":"","format":"standard","meta":[],"categories":[1],"tags":[],"_links":{"self":[{"href":"https:\/\/neanoticias.com\/index.php\/wp-json\/wp\/v2\/posts\/860"}],"collection":[{"href":"https:\/\/neanoticias.com\/index.php\/wp-json\/wp\/v2\/posts"}],"about":[{"href":"https:\/\/neanoticias.com\/index.php\/wp-json\/wp\/v2\/types\/post"}],"author":[{"embeddable":true,"href":"https:\/\/neanoticias.com\/index.php\/wp-json\/wp\/v2\/users\/1"}],"replies":[{"embeddable":true,"href":"https:\/\/neanoticias.com\/index.php\/wp-json\/wp\/v2\/comments?post=860"}],"version-history":[{"count":1,"href":"https:\/\/neanoticias.com\/index.php\/wp-json\/wp\/v2\/posts\/860\/revisions"}],"predecessor-version":[{"id":862,"href":"https:\/\/neanoticias.com\/index.php\/wp-json\/wp\/v2\/posts\/860\/revisions\/862"}],"wp:featuredmedia":[{"embeddable":true,"href":"https:\/\/neanoticias.com\/index.php\/wp-json\/wp\/v2\/media\/861"}],"wp:attachment":[{"href":"https:\/\/neanoticias.com\/index.php\/wp-json\/wp\/v2\/media?parent=860"}],"wp:term":[{"taxonomy":"category","embeddable":true,"href":"https:\/\/neanoticias.com\/index.php\/wp-json\/wp\/v2\/categories?post=860"},{"taxonomy":"post_tag","embeddable":true,"href":"https:\/\/neanoticias.com\/index.php\/wp-json\/wp\/v2\/tags?post=860"}],"curies":[{"name":"wp","href":"https:\/\/api.w.org\/{rel}","templated":true}]}}