{"id":857,"date":"2023-07-27T15:20:30","date_gmt":"2023-07-27T15:20:30","guid":{"rendered":"https:\/\/neanoticias.com\/?p=857"},"modified":"2023-07-27T15:20:30","modified_gmt":"2023-07-27T15:20:30","slug":"menor-al-volante-huyo-de-gendarmes-y-causo-panico-en-el-puente","status":"publish","type":"post","link":"https:\/\/neanoticias.com\/index.php\/2023\/07\/27\/menor-al-volante-huyo-de-gendarmes-y-causo-panico-en-el-puente\/","title":{"rendered":"MENOR AL VOLANTE HUY\u00d3 DE GENDARMES Y CAUS\u00d3 P\u00c1NICO EN EL PUENTE"},"content":{"rendered":"\n<p>Habr\u00eda robado el auto al padre para venir a pasear a la ciudad de Corrientes y cuando volv\u00eda se top\u00f3 con el ret\u00e9n de los federales.<\/p>\n\n\n\n<figure class=\"wp-block-image size-full\"><img loading=\"lazy\" width=\"762\" height=\"794\" src=\"https:\/\/neanoticias.com\/wp-content\/uploads\/2023\/07\/1310671w762h794c.jpg.webp\" alt=\"\" class=\"wp-image-858\" srcset=\"https:\/\/neanoticias.com\/wp-content\/uploads\/2023\/07\/1310671w762h794c.jpg.webp 762w, https:\/\/neanoticias.com\/wp-content\/uploads\/2023\/07\/1310671w762h794c.jpg-288x300.webp 288w\" sizes=\"(max-width: 762px) 100vw, 762px\" \/><\/figure>\n\n\n\n<p>Una pareja de adolescentes protagoniz\u00f3 el domingo por la tarde un singular episodio que todos vincularon inicialmente a un procedimiento antinarcos. El incidente involucr\u00f3 una persecuci\u00f3n a alta velocidad sobre el puente &#8220;General Manuel Belgrano&#8221;, sentido de Corrientes hacia la vecina provincia Chaco. Eludieron un ret\u00e9n de los federales para evitar ser demorados, ya que seg\u00fan trascendi\u00f3 habr\u00edan robado el auto al padre.<\/p>\n\n\n\n<p>El ins\u00f3lito, pero a la vez dram\u00e1tico episodio, ocurri\u00f3 en horas de la siesta del domingo, pero se conoci\u00f3 ayer luego de que trascendiera el video de la persecuci\u00f3n gravado por un pasajero que iba en un colectivo. En la secuencia se alcanza a ver al gendarme motorizado persiguiendo a un autom\u00f3vil oscuro con vidrios polarizados. Hasta all\u00ed nadie sab\u00eda, ni siquiera el gendarme, a qui\u00e9n persegu\u00eda porque la primera sospecha fue de que se tratar\u00eda de narcos que evitaron el control vial y huyeron.<\/p>\n\n\n\n<p>Pero lejos de esta realidad, se trat\u00f3 de una pareja de adolescentes que hab\u00edan venido de paseo a la capital correntina y volv\u00edan hacia Resistencia, cuando se toparon con los uniformados en la explanada de ascenso al puente. El chico al volante habr\u00eda secuestrado el auto al padre y tuvo la p\u00e9sima idea de darse a la fuga, lo que provoc\u00f3 una inmediata reacci\u00f3n de los uniformados ante la presunci\u00f3n de un delito.<\/p>\n\n\n\n<p>La corrida lleg\u00f3 hasta el barrio Pedro Pescador, justo en la bajada del viaducto, del lado chaque\u00f1o, donde el auto ingres\u00f3 abruptamente seguido de cerca por el motorista, quien desenfund\u00f3 su arma listo para tirar, aunque nunca efectu\u00f3 ning\u00fan disparo. Solo lo us\u00f3 para amedrentar.<\/p>\n\n\n\n<p>El veh\u00edculo continu\u00f3 su escape un par de cuadras hasta quedar estancado por el revent\u00f3n de uno de los neum\u00e1ticos. All\u00ed se devel\u00f3 qui\u00e9nes ocupaban el veh\u00edculo. Los menores dijeron a los gendarmes que escaparon de su casa porque sufr\u00edan violencia dom\u00e9stica, una versi\u00f3n que no convenci\u00f3n mucho, pero igualmente la Justicia investigar\u00eda.<\/p>\n","protected":false},"excerpt":{"rendered":"<p>Habr\u00eda robado el auto al padre para venir a pasear a la ciudad de Corrientes&#8230;<\/p>\n","protected":false},"author":1,"featured_media":858,"comment_status":"open","ping_status":"open","sticky":false,"template":"","format":"standard","meta":[],"categories":[1],"tags":[],"_links":{"self":[{"href":"https:\/\/neanoticias.com\/index.php\/wp-json\/wp\/v2\/posts\/857"}],"collection":[{"href":"https:\/\/neanoticias.com\/index.php\/wp-json\/wp\/v2\/posts"}],"about":[{"href":"https:\/\/neanoticias.com\/index.php\/wp-json\/wp\/v2\/types\/post"}],"author":[{"embeddable":true,"href":"https:\/\/neanoticias.com\/index.php\/wp-json\/wp\/v2\/users\/1"}],"replies":[{"embeddable":true,"href":"https:\/\/neanoticias.com\/index.php\/wp-json\/wp\/v2\/comments?post=857"}],"version-history":[{"count":1,"href":"https:\/\/neanoticias.com\/index.php\/wp-json\/wp\/v2\/posts\/857\/revisions"}],"predecessor-version":[{"id":859,"href":"https:\/\/neanoticias.com\/index.php\/wp-json\/wp\/v2\/posts\/857\/revisions\/859"}],"wp:featuredmedia":[{"embeddable":true,"href":"https:\/\/neanoticias.com\/index.php\/wp-json\/wp\/v2\/media\/858"}],"wp:attachment":[{"href":"https:\/\/neanoticias.com\/index.php\/wp-json\/wp\/v2\/media?parent=857"}],"wp:term":[{"taxonomy":"category","embeddable":true,"href":"https:\/\/neanoticias.com\/index.php\/wp-json\/wp\/v2\/categories?post=857"},{"taxonomy":"post_tag","embeddable":true,"href":"https:\/\/neanoticias.com\/index.php\/wp-json\/wp\/v2\/tags?post=857"}],"curies":[{"name":"wp","href":"https:\/\/api.w.org\/{rel}","templated":true}]}}