{"id":854,"date":"2023-07-27T15:19:43","date_gmt":"2023-07-27T15:19:43","guid":{"rendered":"https:\/\/neanoticias.com\/?p=854"},"modified":"2023-07-27T15:19:44","modified_gmt":"2023-07-27T15:19:44","slug":"violento-un-auto-y-robo-una-valija-con-200-mil-en-ropa-nueva-dentro","status":"publish","type":"post","link":"https:\/\/neanoticias.com\/index.php\/2023\/07\/27\/violento-un-auto-y-robo-una-valija-con-200-mil-en-ropa-nueva-dentro\/","title":{"rendered":"VIOLENT\u00d3 UN AUTO Y ROB\u00d3 UNA VALIJA CON $200 MIL EN ROPA NUEVA DENTRO"},"content":{"rendered":"\n<p>La Polic\u00eda lo tiene identificado y posee antecedentes por robos y hurtos. Pas\u00f3 una semana y volvi\u00f3 a la escena del robo pretendiendo cometer el mismo il\u00edcito una vez m\u00e1s. Piden que se lo detenga y quede preso.<\/p>\n\n\n\n<figure class=\"wp-block-image size-full\"><img loading=\"lazy\" width=\"762\" height=\"513\" src=\"https:\/\/neanoticias.com\/wp-content\/uploads\/2023\/07\/1310669w762h513c.jpg.webp\" alt=\"\" class=\"wp-image-855\" srcset=\"https:\/\/neanoticias.com\/wp-content\/uploads\/2023\/07\/1310669w762h513c.jpg.webp 762w, https:\/\/neanoticias.com\/wp-content\/uploads\/2023\/07\/1310669w762h513c.jpg-300x202.webp 300w\" sizes=\"(max-width: 762px) 100vw, 762px\" \/><\/figure>\n\n\n\n<p>Un delincuente es buscado por la Polic\u00eda luego de quedar registrado por las c\u00e1maras de seguridad violentando un veh\u00edculo estacionado y llev\u00e1ndose de su interior una valija repleta de ropa nueva destinada para la venta. El sujeto regres\u00f3 al lugar, d\u00edas despu\u00e9s, para cometer el mismo il\u00edcito con otro autom\u00f3vil, pero no logr\u00f3 su cometido. Est\u00e1 identificado y tiene antecedentes.<\/p>\n\n\n\n<p>El hecho en cuesti\u00f3n ocurri\u00f3 martes 18 de julio, pasadas las 2:40 de la madrugada, cuando el delincuente, haci\u00e9ndose pasar por una persona en situaci\u00f3n de calle, lleg\u00f3 hasta el frente de una vivienda ubicada por calle Gutenberg al 2200 donde se encontraban dos veh\u00edculos estacionados. El sujeto esper\u00f3 unos minutos a que no pasaran autos ni personas por el lugar y arremeti\u00f3 contra un Volkswagen Gol de tres puertas de color oscuro.<\/p>\n\n\n\n<p>Del interior se llev\u00f3 una valija de peque\u00f1as dimensiones, pero repleta de ropa nueva cuyo due\u00f1o hab\u00eda comprado para venderlas, valuadas en cerca de $200.000, seg\u00fan indic\u00f3 la v\u00edctima a diario \u00e9poca.<\/p>\n\n\n\n<p>Tras el hecho, el maleante huy\u00f3 del lugar y el due\u00f1o del veh\u00edculo not\u00f3 lo sucedido a la ma\u00f1ana siguiente. Con las im\u00e1genes que captur\u00f3 la c\u00e1mara de seguridad de su vivienda, el damnificado se dirigi\u00f3 a la Comisar\u00eda Tercera donde radic\u00f3 la denuncia correspondiente.<\/p>\n\n\n\n<p>&#8220;En la im\u00e1genes se le ve perfectamente la cara y sabemos que el sujeto es un delincuente con antecedentes, que ya estuvo arrestado varias veces por robos a la propiedad, pero hasta ahora no fue detenido. Ya ni esperanza tengo de recuperar lo que me sustrajo, pero al menos de que lo detengan&#8221;, sostuvo el hombre.<\/p>\n\n\n\n<p>Pas\u00f3 una semana sin novedades del malviviente hasta que su \u00faltima v\u00edctima volvi\u00f3 a registrar en las c\u00e1maras de seguridad otro ataque del bandido. Esta vez, el hecho sucedi\u00f3 la madrugada del martes 25, otra vez pasadas las 2 de la madrugada. El auto que pretendi\u00f3 abrir, sin suerte, fue un Fiat Uno blanco. Como no logr\u00f3 el objetivo, se dio por vencido y se retir\u00f3 del lugar.<\/p>\n\n\n\n<p>Fuentes policiales consultadas por \u00e9poca indicaron que el delincuente es un sujeto llamado Mario, de 22 a\u00f1os, y que efectivamente posee antecedentes por robos y hurtos y ya estuvo demorado en varias oportunidades, pero que logra su libertad en menos de 48 horas.<\/p>\n\n\n\n<p>Cabe recordar que hace un par de semanas, a solo dos cuadras del lugar, vecinos hartos de la inseguridad en la zona, atraparon a un delincuente cuando violentaba un auto para robar una bater\u00eda. Le propinaron una paliza descomunal. Debi\u00f3 ser rescatado por la Polic\u00eda. El ladr\u00f3n tambi\u00e9n ten\u00eda antecedentes.<\/p>\n","protected":false},"excerpt":{"rendered":"<p>La Polic\u00eda lo tiene identificado y posee antecedentes por robos y hurtos. Pas\u00f3 una semana&#8230;<\/p>\n","protected":false},"author":1,"featured_media":855,"comment_status":"open","ping_status":"open","sticky":false,"template":"","format":"standard","meta":[],"categories":[1],"tags":[],"_links":{"self":[{"href":"https:\/\/neanoticias.com\/index.php\/wp-json\/wp\/v2\/posts\/854"}],"collection":[{"href":"https:\/\/neanoticias.com\/index.php\/wp-json\/wp\/v2\/posts"}],"about":[{"href":"https:\/\/neanoticias.com\/index.php\/wp-json\/wp\/v2\/types\/post"}],"author":[{"embeddable":true,"href":"https:\/\/neanoticias.com\/index.php\/wp-json\/wp\/v2\/users\/1"}],"replies":[{"embeddable":true,"href":"https:\/\/neanoticias.com\/index.php\/wp-json\/wp\/v2\/comments?post=854"}],"version-history":[{"count":1,"href":"https:\/\/neanoticias.com\/index.php\/wp-json\/wp\/v2\/posts\/854\/revisions"}],"predecessor-version":[{"id":856,"href":"https:\/\/neanoticias.com\/index.php\/wp-json\/wp\/v2\/posts\/854\/revisions\/856"}],"wp:featuredmedia":[{"embeddable":true,"href":"https:\/\/neanoticias.com\/index.php\/wp-json\/wp\/v2\/media\/855"}],"wp:attachment":[{"href":"https:\/\/neanoticias.com\/index.php\/wp-json\/wp\/v2\/media?parent=854"}],"wp:term":[{"taxonomy":"category","embeddable":true,"href":"https:\/\/neanoticias.com\/index.php\/wp-json\/wp\/v2\/categories?post=854"},{"taxonomy":"post_tag","embeddable":true,"href":"https:\/\/neanoticias.com\/index.php\/wp-json\/wp\/v2\/tags?post=854"}],"curies":[{"name":"wp","href":"https:\/\/api.w.org\/{rel}","templated":true}]}}