{"id":851,"date":"2023-07-27T15:18:53","date_gmt":"2023-07-27T15:18:53","guid":{"rendered":"https:\/\/neanoticias.com\/?p=851"},"modified":"2023-07-27T15:18:54","modified_gmt":"2023-07-27T15:18:54","slug":"robo-a-virginia-acosta-senti-impotencia-y-bronca","status":"publish","type":"post","link":"https:\/\/neanoticias.com\/index.php\/2023\/07\/27\/robo-a-virginia-acosta-senti-impotencia-y-bronca\/","title":{"rendered":"ROBO A VIRGINIA ACOSTA: &#8220;SENT\u00cd IMPOTENCIA Y BRONCA&#8221;"},"content":{"rendered":"\n<p>La conductora, modelo y comparsera relat\u00f3 el episodio de inseguridad que le toc\u00f3 vivir. &#8220;Ayer despert\u00e9 con esta noticia, me rompieron el vidrio del auto e ingresaron a robar lo que hab\u00eda en el ba\u00fal, como lo hicieron con varios autos de la cuadra en los \u00faltimos meses, causa indignaci\u00f3n&#8221;.<\/p>\n\n\n\n<figure class=\"wp-block-image size-full\"><img loading=\"lazy\" width=\"762\" height=\"950\" src=\"https:\/\/neanoticias.com\/wp-content\/uploads\/2023\/07\/1310720w762h950c.jpg.webp\" alt=\"\" class=\"wp-image-852\" srcset=\"https:\/\/neanoticias.com\/wp-content\/uploads\/2023\/07\/1310720w762h950c.jpg.webp 762w, https:\/\/neanoticias.com\/wp-content\/uploads\/2023\/07\/1310720w762h950c.jpg-241x300.webp 241w\" sizes=\"(max-width: 762px) 100vw, 762px\" \/><\/figure>\n\n\n\n<p>Primero en sus redes sociales, la conocida conductora Virginia Acosta hizo su descargo<em>: &#8220;No podemos saber qui\u00e9nes son, NO HAY C\u00c1MARAS en la zona; hice la denuncia en la comisar\u00eda 2da, para sumarme al reclamo de mis vecinos.<\/em><\/p>\n\n\n\n<p><em>Gracias a la familia Cusati que cuidaron el auto a la madrugada cuando se percataron de la rotura. Gracias a la buena atenci\u00f3n en la comisar\u00eda. Gracias a @parabrisascorrientes por el servicio excelente y la calidez ante una situaci\u00f3n tan indignante. Gracias a los amigos y conocidos que se enteraron y estuvieron a disposici\u00f3n.<\/em><\/p>\n\n\n\n<p><em>Espero se den las acciones necesarias para que esto, que no es un hecho aislado, no siga repiti\u00e9ndose<\/em>&#8220;, indic\u00f3 en su posteo junto a fotograf\u00edas de los da\u00f1os que sufri\u00f3 en su veh\u00edculo.&nbsp;<\/p>\n\n\n\n<p>En contacto con Radio Dos sostuvo &#8220;ingresaron a mi edificio y en mi cuadra hubo varios robos tambi\u00e9n. No hay c\u00e1maras de seguridad en 3 de abril y Entre R\u00edos&#8221;, expuso.&nbsp;<\/p>\n\n\n\n<p>Sobre sus sensaciones, Virginia dijo &#8220;sent\u00ed impotencia, bronca. Ayer a la ma\u00f1ana me enter\u00e9 lo que pas\u00f3, fui a hacer la denuncia, a cambiar el vidrio, es indignante&#8221;. A la vez agreg\u00f3 &#8220;hoy me despert\u00e9 con un mensaje de una vecina que avisaba que hoy le toc\u00f3 a ella&#8221;.<\/p>\n\n\n\n<p>La conductora describi\u00f3: &#8220;rompieron un vidrio de atr\u00e1s, y desde ah\u00ed ingresaron al ba\u00fal, pero no dej\u00e9 nada de valor, nunca dejo nada, solo ropas que fue lo que llevaron&#8221;.<\/p>\n\n\n\n<p>Afirm\u00f3 que &#8220;hay chicos en la esquina pidiendo plata, te siguen hasta la puerta de tu casa y eso te da inseguridad. Yo no digo que ellos fueron porque no tengo ninguna prueba, pero no es una situaci\u00f3n desagradable&#8221;.<\/p>\n","protected":false},"excerpt":{"rendered":"<p>La conductora, modelo y comparsera relat\u00f3 el episodio de inseguridad que le toc\u00f3 vivir. &#8220;Ayer&#8230;<\/p>\n","protected":false},"author":1,"featured_media":852,"comment_status":"open","ping_status":"open","sticky":false,"template":"","format":"standard","meta":[],"categories":[1],"tags":[],"_links":{"self":[{"href":"https:\/\/neanoticias.com\/index.php\/wp-json\/wp\/v2\/posts\/851"}],"collection":[{"href":"https:\/\/neanoticias.com\/index.php\/wp-json\/wp\/v2\/posts"}],"about":[{"href":"https:\/\/neanoticias.com\/index.php\/wp-json\/wp\/v2\/types\/post"}],"author":[{"embeddable":true,"href":"https:\/\/neanoticias.com\/index.php\/wp-json\/wp\/v2\/users\/1"}],"replies":[{"embeddable":true,"href":"https:\/\/neanoticias.com\/index.php\/wp-json\/wp\/v2\/comments?post=851"}],"version-history":[{"count":1,"href":"https:\/\/neanoticias.com\/index.php\/wp-json\/wp\/v2\/posts\/851\/revisions"}],"predecessor-version":[{"id":853,"href":"https:\/\/neanoticias.com\/index.php\/wp-json\/wp\/v2\/posts\/851\/revisions\/853"}],"wp:featuredmedia":[{"embeddable":true,"href":"https:\/\/neanoticias.com\/index.php\/wp-json\/wp\/v2\/media\/852"}],"wp:attachment":[{"href":"https:\/\/neanoticias.com\/index.php\/wp-json\/wp\/v2\/media?parent=851"}],"wp:term":[{"taxonomy":"category","embeddable":true,"href":"https:\/\/neanoticias.com\/index.php\/wp-json\/wp\/v2\/categories?post=851"},{"taxonomy":"post_tag","embeddable":true,"href":"https:\/\/neanoticias.com\/index.php\/wp-json\/wp\/v2\/tags?post=851"}],"curies":[{"name":"wp","href":"https:\/\/api.w.org\/{rel}","templated":true}]}}