{"id":844,"date":"2023-06-30T00:04:49","date_gmt":"2023-06-30T00:04:49","guid":{"rendered":"https:\/\/neanoticias.com\/?p=844"},"modified":"2023-06-30T00:04:50","modified_gmt":"2023-06-30T00:04:50","slug":"valdes-entrego-recursos-a-emprendedores-y-firmo-convenios-para-obras-viales-y-deportivas","status":"publish","type":"post","link":"https:\/\/neanoticias.com\/index.php\/2023\/06\/30\/valdes-entrego-recursos-a-emprendedores-y-firmo-convenios-para-obras-viales-y-deportivas\/","title":{"rendered":"Vald\u00e9s entreg\u00f3 recursos a emprendedores y firm\u00f3 convenios para obras viales y deportivas"},"content":{"rendered":"\n<figure class=\"wp-block-image size-full\"><img loading=\"lazy\" width=\"770\" height=\"528\" src=\"https:\/\/neanoticias.com\/wp-content\/uploads\/2023\/06\/image-1.png\" alt=\"\" class=\"wp-image-845\" srcset=\"https:\/\/neanoticias.com\/wp-content\/uploads\/2023\/06\/image-1.png 770w, https:\/\/neanoticias.com\/wp-content\/uploads\/2023\/06\/image-1-300x206.png 300w, https:\/\/neanoticias.com\/wp-content\/uploads\/2023\/06\/image-1-768x527.png 768w\" sizes=\"(max-width: 770px) 100vw, 770px\" \/><\/figure>\n\n\n\n<p>En el d\u00eda de la Fiesta Patronal de Perugorr\u00eda, en honor a San Pedro, el gobernador Gustavo Vald\u00e9s visit\u00f3 este jueves dicha ciudad, donde firm\u00f3 convenios con el intendente anfitri\u00f3n, Juan Ram\u00f3n Castellanos, para la ejecuci\u00f3n de obras viales y en el Polideportivo municipal. Adem\u00e1s, entreg\u00f3 recursos a 13 emprendedores y recorri\u00f3 la feria emplazada en los alrededores de la plaza &#8220;25 de mayo&#8221;, en el marco del evento religioso.<\/p>\n\n\n\n<p>El gobernador de Corrientes, Gustavo Vald\u00e9s arrib\u00f3 a la localidad de Perugorr\u00eda despu\u00e9s de las 17, para realizar la entrega de bienes de Capital a emprendedores de ese municipio. luego de haber recibido y acompa\u00f1ado al Jefe de Gobierno Porte\u00f1o, Horacio Rodr\u00edguez Larreta y al gobernador de Jujuy, Gerardo Morales para visitar y recorrer la f\u00e1brica Tipoit\u00ed y mostrarle lo que se realiza en materia de comunicaciones en las instalaciones de TELCO durante la ma\u00f1ana.<\/p>\n\n\n\n<p>Al hacer uso de la palabra el gobernador Gustavo Vald\u00e9s dijo que &#8220;quer\u00eda estar presente el d\u00eda de hoy, aqu\u00ed en Perugorr\u00eda, el d\u00eda del santo patrono de San Pedro&#8221; asegurando al Intendente y Viceintendente, el apoyo del gobierno provincial para seguir haciendo obra p\u00fablica.<\/p>\n\n\n\n<p>&#8220;S\u00e9 que son tiempos dif\u00edciles donde uno trata fundamentalmente de anteponer las necesidades de los distintos municipios, fundamentalmente en lo que tiene que ver con recursos humanos, fundamentalmente, y tambi\u00e9n con obras p\u00fablicas&#8221; asever\u00f3.<\/p>\n\n\n\n<p>En ese sentido afirm\u00f3 que &#8220;estamos asumiendo el compromiso de llevar adelante una importante obra que es seguir colaborando con la municipalidad, hacer m\u00e1s obras p\u00fablicas, cord\u00f3n, cuneta, asfalto, ir preparando para poder el d\u00eda de ma\u00f1ana tener una importante cantidad de este tipo de mejoras de circulaci\u00f3n&#8221;.<\/p>\n\n\n\n<p>Por otro lado, anunci\u00f3 la construcci\u00f3n de &#8220;un nuevo polideportivo que me comprometo el d\u00eda de hoy con ustedes, cubierto con parquet. Vamos a estar finalizando esto que es fundamental, m\u00e1s con la iluminaci\u00f3n que tambi\u00e9n firmamos por 35 millones de pesos, y seguramente ir\u00e1 surgiendo a lo largo de la noche, y vamos trabajando enormemente para seguir mejorando&#8221;.<\/p>\n\n\n\n<p>Luego, explic\u00f3 Vald\u00e9s, &#8220;tenemos el programa de Emprendedores Somos Todos que no venimos a regalar nada, sino simplemente aquellos que son emprendedores, venimos a darle un empuj\u00f3n, porque lo importante del emprendedor es la voluntad que tienen adentro de poder querer emprender en momentos dif\u00edciles, de no entregarse, de no bajar los brazos, decir yo tengo un arte, yo tengo un oficio, yo tengo un emprendimiento que verdaderamente puedo salir adelante&#8221;.<\/p>\n\n\n\n<p>Y si no les va bien con este emprendimiento, no importa, porque el \u00e9xito es la consecuencia de fracasos ininterrumpidos y tenemos que realmente en los tiempos dif\u00edciles mostrar lo que tenemos, que no nos queremos quedar, que no nos queremos rendir, que queremos seguir emprendiendo y refiri\u00e9ndose al Programa Emprendedores Somos Todos dijo que &#8221; es simplemente un aliento, que el Estado no est\u00e1 solamente para hacer obra p\u00fablica, sino que nosotros estamos mirando la voluntad de cada uno de ustedes para emprender y para salir adelante&#8221;.<\/p>\n\n\n\n<p>Finalmente, subray\u00f3 el Mandatario que &#8220;espero que cada uno de estos elementos, que una carlitera, que un horno, que una m\u00e1quina de coser, que una amoladora que realmente sea ese incentivo para no bajar los brazos en tiempos dif\u00edciles&#8221; culmin\u00f3 dejando inaugurada la feria en la localidad.<\/p>\n\n\n\n<p>Convenios y subsidio<\/p>\n\n\n\n<p>Seguidamente, el Gobernador firm\u00f3 convenios con el intendente de Perugorr\u00eda, Castellanos para que se realicen en esa localidad, en primer lugar, para la ejecuci\u00f3n de 10 cuadras de cord\u00f3n cuneta por un monto de 32 millones de pesos. Tambi\u00e9n otro convenio para la refacci\u00f3n de ba\u00f1os y vestuarios y la construcci\u00f3n de la cancha de f\u00fatbol e iluminaci\u00f3n en el Polideportivo municipal, por un monto de 35 millones de pesos.<\/p>\n\n\n\n<p>Adem\u00e1s de la entrega de los bienes de Capital del programa &#8220;Emprendedores Somos Todos&#8221;, el gobernador Vald\u00e9s hizo entrega a la Municipalidad de Perugorr\u00eda, un subsidio destinado a las distintas actividades que se realizan en las fiestas patronales en honor a San Pedro, por un monto de 2 millones de pesos.<\/p>\n\n\n\n<p>Por \u00faltimo, mediante la resoluci\u00f3n N\u00famero 2471, el ministro de Salud P\u00fablica resuelve contratar al agente Federico Sotelo para la prestaci\u00f3n del servicio como chofer en el Hospital de San Pedro de Perugorr\u00eda y por decreto n\u00famero 1640\/23, el gobernador de la provincia decreta aprobar la resoluci\u00f3n n\u00famero 2471 del Ministerio de Salud P\u00fablica. Firmado por el Gobernador se hace entrega de la copia del decreto al agente Federico Sotelo.<\/p>\n\n\n\n<p>Bienes de Capital entregados<\/p>\n\n\n\n<p>El Gobierno provincial realiz\u00f3 la entrega de bienes de Capital a 13 emprendedores y consistieron en: una m\u00e1quina industrial para coser, un horno pastelero, dos m\u00e1quinas de coser Singer, dos sierras circular de carpinter\u00eda, una cepilladora de banco, un compresor de 100 mililitros, una plancha hamburguesera, una amasadora, una sierra carnicera, un sill\u00f3n de barber\u00eda y un horno pastelero.<\/p>\n","protected":false},"excerpt":{"rendered":"<p>En el d\u00eda de la Fiesta Patronal de Perugorr\u00eda, en honor a San Pedro, el&#8230;<\/p>\n","protected":false},"author":1,"featured_media":0,"comment_status":"open","ping_status":"open","sticky":false,"template":"","format":"standard","meta":[],"categories":[1],"tags":[],"_links":{"self":[{"href":"https:\/\/neanoticias.com\/index.php\/wp-json\/wp\/v2\/posts\/844"}],"collection":[{"href":"https:\/\/neanoticias.com\/index.php\/wp-json\/wp\/v2\/posts"}],"about":[{"href":"https:\/\/neanoticias.com\/index.php\/wp-json\/wp\/v2\/types\/post"}],"author":[{"embeddable":true,"href":"https:\/\/neanoticias.com\/index.php\/wp-json\/wp\/v2\/users\/1"}],"replies":[{"embeddable":true,"href":"https:\/\/neanoticias.com\/index.php\/wp-json\/wp\/v2\/comments?post=844"}],"version-history":[{"count":1,"href":"https:\/\/neanoticias.com\/index.php\/wp-json\/wp\/v2\/posts\/844\/revisions"}],"predecessor-version":[{"id":846,"href":"https:\/\/neanoticias.com\/index.php\/wp-json\/wp\/v2\/posts\/844\/revisions\/846"}],"wp:attachment":[{"href":"https:\/\/neanoticias.com\/index.php\/wp-json\/wp\/v2\/media?parent=844"}],"wp:term":[{"taxonomy":"category","embeddable":true,"href":"https:\/\/neanoticias.com\/index.php\/wp-json\/wp\/v2\/categories?post=844"},{"taxonomy":"post_tag","embeddable":true,"href":"https:\/\/neanoticias.com\/index.php\/wp-json\/wp\/v2\/tags?post=844"}],"curies":[{"name":"wp","href":"https:\/\/api.w.org\/{rel}","templated":true}]}}