{"id":839,"date":"2023-06-26T14:46:34","date_gmt":"2023-06-26T14:46:34","guid":{"rendered":"https:\/\/neanoticias.com\/?p=839"},"modified":"2023-06-26T14:46:35","modified_gmt":"2023-06-26T14:46:35","slug":"tassano-anuncio-que-el-plus-especial-para-municipales-se-pagara-desde-este-lunes-26","status":"publish","type":"post","link":"https:\/\/neanoticias.com\/index.php\/2023\/06\/26\/tassano-anuncio-que-el-plus-especial-para-municipales-se-pagara-desde-este-lunes-26\/","title":{"rendered":"TASSANO ANUNCI\u00d3 QUE EL PLUS ESPECIAL PARA MUNICIPALES SE PAGAR\u00c1 DESDE ESTE LUNES 26"},"content":{"rendered":"\n<p><em>El pago para los trabajadores de planta y contrato se har\u00e1 este lunes 26. Los agentes Neike bancarizados tambi\u00e9n tendr\u00e1n depositados sus pluses el 26. Por su parte, los Neike no bancarizados cobrar\u00e1n por terminaci\u00f3n del DNI, desde el 26 y hasta el mi\u00e9rcoles 28, en la Caja Municipal de Pr\u00e9stamos.<\/em><\/p>\n\n\n\n<figure class=\"wp-block-image size-large\"><img loading=\"lazy\" width=\"762\" height=\"1024\" src=\"https:\/\/neanoticias.com\/wp-content\/uploads\/2023\/06\/935a0cc3-7c6c-2ed8-d0a8-9f03a6dfb0a4-762x1024.jpeg\" alt=\"\" class=\"wp-image-840\" srcset=\"https:\/\/neanoticias.com\/wp-content\/uploads\/2023\/06\/935a0cc3-7c6c-2ed8-d0a8-9f03a6dfb0a4-762x1024.jpeg 762w, https:\/\/neanoticias.com\/wp-content\/uploads\/2023\/06\/935a0cc3-7c6c-2ed8-d0a8-9f03a6dfb0a4-223x300.jpeg 223w, https:\/\/neanoticias.com\/wp-content\/uploads\/2023\/06\/935a0cc3-7c6c-2ed8-d0a8-9f03a6dfb0a4-768x1032.jpeg 768w, https:\/\/neanoticias.com\/wp-content\/uploads\/2023\/06\/935a0cc3-7c6c-2ed8-d0a8-9f03a6dfb0a4.jpeg 931w\" sizes=\"(max-width: 762px) 100vw, 762px\" \/><\/figure>\n\n\n\n<p>Este lunes 26, la Municipalidad de Corrientes iniciar\u00e1 el pago del plus especial de junio para todo el personal, seg\u00fan inform\u00f3 el intendente Eduardo Tassano.<br>Los trabajadores de planta y contrato y los agentes Neike bancarizados tendr\u00e1n depositados los pluses en sus respectivas cuentas bancarias el lunes 26, dinero al que podr\u00e1n acceder extray\u00e9ndolo a trav\u00e9s de los cajeros autom\u00e1ticos habilitados.<br>Por su parte, aquellos trabajadores Neike que no est\u00e1n bancarizados deber\u00e1n dirigirse a la Caja Municipal de Pr\u00e9stamos (CMP), en su sede central, ubicada en Brasil 1269. Los pagos se realizan de lunes a viernes, de 7.30 a 12.30 y de 16 a 20.30.<br>En este caso, este lunes 26 les corresponder\u00e1 cobrar a los trabajadores cuyos DNI terminen en 0, 1 y 2; el martes 27, a los agentes con DNI finalizados en 3, 4, 5 y 6; y el mi\u00e9rcoles 28, a los que tengan documentos que culminen en 7, 8 y 9.<\/p>\n","protected":false},"excerpt":{"rendered":"<p>El pago para los trabajadores de planta y contrato se har\u00e1 este lunes 26. Los&#8230;<\/p>\n","protected":false},"author":1,"featured_media":840,"comment_status":"open","ping_status":"open","sticky":false,"template":"","format":"standard","meta":[],"categories":[1],"tags":[],"_links":{"self":[{"href":"https:\/\/neanoticias.com\/index.php\/wp-json\/wp\/v2\/posts\/839"}],"collection":[{"href":"https:\/\/neanoticias.com\/index.php\/wp-json\/wp\/v2\/posts"}],"about":[{"href":"https:\/\/neanoticias.com\/index.php\/wp-json\/wp\/v2\/types\/post"}],"author":[{"embeddable":true,"href":"https:\/\/neanoticias.com\/index.php\/wp-json\/wp\/v2\/users\/1"}],"replies":[{"embeddable":true,"href":"https:\/\/neanoticias.com\/index.php\/wp-json\/wp\/v2\/comments?post=839"}],"version-history":[{"count":1,"href":"https:\/\/neanoticias.com\/index.php\/wp-json\/wp\/v2\/posts\/839\/revisions"}],"predecessor-version":[{"id":841,"href":"https:\/\/neanoticias.com\/index.php\/wp-json\/wp\/v2\/posts\/839\/revisions\/841"}],"wp:featuredmedia":[{"embeddable":true,"href":"https:\/\/neanoticias.com\/index.php\/wp-json\/wp\/v2\/media\/840"}],"wp:attachment":[{"href":"https:\/\/neanoticias.com\/index.php\/wp-json\/wp\/v2\/media?parent=839"}],"wp:term":[{"taxonomy":"category","embeddable":true,"href":"https:\/\/neanoticias.com\/index.php\/wp-json\/wp\/v2\/categories?post=839"},{"taxonomy":"post_tag","embeddable":true,"href":"https:\/\/neanoticias.com\/index.php\/wp-json\/wp\/v2\/tags?post=839"}],"curies":[{"name":"wp","href":"https:\/\/api.w.org\/{rel}","templated":true}]}}