{"id":833,"date":"2023-06-26T14:41:43","date_gmt":"2023-06-26T14:41:43","guid":{"rendered":"https:\/\/neanoticias.com\/?p=833"},"modified":"2023-06-26T14:41:45","modified_gmt":"2023-06-26T14:41:45","slug":"llevaba-una-tenaza-para-abrir-autos-y-lo-atraparon","status":"publish","type":"post","link":"https:\/\/neanoticias.com\/index.php\/2023\/06\/26\/llevaba-una-tenaza-para-abrir-autos-y-lo-atraparon\/","title":{"rendered":"LLEVABA UNA TENAZA PARA ABRIR AUTOS Y LO ATRAPARON"},"content":{"rendered":"\n<p>Un delincuente con historial delictivo fue detenido ayer por efectivos de la Polic\u00eda provincial, cuando lo sorprendieron vigilando algunas viviendas y veh\u00edculos estacionados por calle Pablo Neruda de la capital correntina. El sujeto llevaba consigo una atenaza con la que pretend\u00eda cometer sus fechor\u00edas.<\/p>\n\n\n\n<figure class=\"wp-block-image size-full\"><img loading=\"lazy\" width=\"762\" height=\"609\" src=\"https:\/\/neanoticias.com\/wp-content\/uploads\/2023\/06\/1304022w762h609c.jpg.webp\" alt=\"\" class=\"wp-image-834\" srcset=\"https:\/\/neanoticias.com\/wp-content\/uploads\/2023\/06\/1304022w762h609c.jpg.webp 762w, https:\/\/neanoticias.com\/wp-content\/uploads\/2023\/06\/1304022w762h609c.jpg-300x240.webp 300w\" sizes=\"(max-width: 762px) 100vw, 762px\" \/><\/figure>\n\n\n\n<p>El procedimiento lo concret\u00f3 personal del GRIM 5, ayer por la tarde, cuando patrullaban por inmediaciones de las calles 490 y Pablo Neruda del barrio San Roque Este y advirtieron la presencia sospechosa de un sujeto que se encontraba observando el interior de un auto estacionado. Cuando not\u00f3 la presencia del m\u00f3vil policial, pretendi\u00f3 darse a la fuga sigilosamente, pero al ver que comenzaron a perseguirlo, sali\u00f3 a correr, arrojando al costado de un \u00e1rbol un objeto que luego los polic\u00edas pudieron reconocer como una tenaza.<\/p>\n\n\n\n<p>El sujeto fue detenido e identificado como Marcelo, quien adem\u00e1s posee antecedentes por robos y varias detenciones en su haber. Ahora, el delincuente de 26 a\u00f1os fue alojado en la comisar\u00eda 21, a disposici\u00f3n de la Justicia.<\/p>\n","protected":false},"excerpt":{"rendered":"<p>Un delincuente con historial delictivo fue detenido ayer por efectivos de la Polic\u00eda provincial, cuando&#8230;<\/p>\n","protected":false},"author":1,"featured_media":834,"comment_status":"open","ping_status":"open","sticky":false,"template":"","format":"standard","meta":[],"categories":[1],"tags":[],"_links":{"self":[{"href":"https:\/\/neanoticias.com\/index.php\/wp-json\/wp\/v2\/posts\/833"}],"collection":[{"href":"https:\/\/neanoticias.com\/index.php\/wp-json\/wp\/v2\/posts"}],"about":[{"href":"https:\/\/neanoticias.com\/index.php\/wp-json\/wp\/v2\/types\/post"}],"author":[{"embeddable":true,"href":"https:\/\/neanoticias.com\/index.php\/wp-json\/wp\/v2\/users\/1"}],"replies":[{"embeddable":true,"href":"https:\/\/neanoticias.com\/index.php\/wp-json\/wp\/v2\/comments?post=833"}],"version-history":[{"count":1,"href":"https:\/\/neanoticias.com\/index.php\/wp-json\/wp\/v2\/posts\/833\/revisions"}],"predecessor-version":[{"id":835,"href":"https:\/\/neanoticias.com\/index.php\/wp-json\/wp\/v2\/posts\/833\/revisions\/835"}],"wp:featuredmedia":[{"embeddable":true,"href":"https:\/\/neanoticias.com\/index.php\/wp-json\/wp\/v2\/media\/834"}],"wp:attachment":[{"href":"https:\/\/neanoticias.com\/index.php\/wp-json\/wp\/v2\/media?parent=833"}],"wp:term":[{"taxonomy":"category","embeddable":true,"href":"https:\/\/neanoticias.com\/index.php\/wp-json\/wp\/v2\/categories?post=833"},{"taxonomy":"post_tag","embeddable":true,"href":"https:\/\/neanoticias.com\/index.php\/wp-json\/wp\/v2\/tags?post=833"}],"curies":[{"name":"wp","href":"https:\/\/api.w.org\/{rel}","templated":true}]}}