{"id":83,"date":"2022-08-26T14:03:17","date_gmt":"2022-08-26T14:03:17","guid":{"rendered":"https:\/\/neanoticias.com\/?p=83"},"modified":"2022-08-26T14:03:18","modified_gmt":"2022-08-26T14:03:18","slug":"video-madre-baleo-en-la-pierna-a-un-joven-que-quiso-atacar-a-su-hijo","status":"publish","type":"post","link":"https:\/\/neanoticias.com\/index.php\/2022\/08\/26\/video-madre-baleo-en-la-pierna-a-un-joven-que-quiso-atacar-a-su-hijo\/","title":{"rendered":"VIDEO: MADRE BALE\u00d3 EN LA PIERNA A UN JOVEN QUE QUISO ATACAR A SU HIJO"},"content":{"rendered":"\n<p>La impactante escena fue capturada por un vecino que estaba a pocos metros del lugar. Tras recibir el impacto, el hombre se escap\u00f3 herido. \u00a0 \u00a0<\/p>\n\n\n\n<p><\/p>\n\n\n\n<figure class=\"wp-block-image size-full\"><img loading=\"lazy\" width=\"700\" height=\"382\" src=\"https:\/\/neanoticias.com\/wp-content\/uploads\/2022\/08\/425494.jpg_nota.jpg\" alt=\"\" class=\"wp-image-84\" srcset=\"https:\/\/neanoticias.com\/wp-content\/uploads\/2022\/08\/425494.jpg_nota.jpg 700w, https:\/\/neanoticias.com\/wp-content\/uploads\/2022\/08\/425494.jpg_nota-300x164.jpg 300w\" sizes=\"(max-width: 700px) 100vw, 700px\" \/><\/figure>\n\n\n\n<p>Un brutal hecho de violencia impact\u00f3 a los vecinos de&nbsp;Jos\u00e9 C. Paz&nbsp;en las \u00faltimas horas. Una mujer&nbsp;bale\u00f3&nbsp;en la pierna a un joven que quiso atacar a su hijo con un palo&nbsp;y todo qued\u00f3 registrado en una incre\u00edble escena.<\/p>\n\n\n\n<p>Seg\u00fan inform\u00f3&nbsp;ANDigital, el episodio ocurri\u00f3 en una vivienda de la calle Croacia, en el barrio Santa Catalina al norte del Conurbano bonaerense. Todo comenz\u00f3 con una discusi\u00f3n que alert\u00f3 a los vecinos que salieron a verificar qu\u00e9 pasaba.<\/p>\n\n\n\n<p>Se desconocen los motivos por los que comenzaron la pelea, pero en las im\u00e1genes se puede observar como un joven caminaba por el medio de la calle con un&nbsp;palo&nbsp;en la mano mientras gritaba: \u201cAhora ven\u00eds a boquear,&nbsp;ahora ven\u00eds a decir que no pido perd\u00f3n\u201d.<\/p>\n\n\n\n<p><video width=\"640\" controls=\"\" preload=\"auto\" poster=\"https:\/\/www.radiosudamericana.com\/notix\/multimedia\/img_videos\/2022082670343799.jpg\"><\/video><\/p>\n\n\n\n<p>En ese momento, la mujer quiso interceder en la disputa desde el patio de la vivienda y le dijo que \u201cesas cosas no se hacen\u201d. Sin embargo, el joven continu\u00f3 con una catarata de insultos y ya en la puerta de la casa&nbsp;intent\u00f3 pegarle con el palo al chico.<\/p>\n\n\n\n<p>Sin \u00e9xito retrocedi\u00f3 unos pasos para tomar envi\u00f3n nuevamente, pero fue all\u00ed cuando la mujer sac\u00f3 un arma de la cintura y&nbsp;le dispar\u00f3 en las piernas sin mediar palabra.<\/p>\n\n\n\n<p>Los vecinos quedaron impactados por la situaci\u00f3n y comenzaron a gritar mientras ella insultaba al joven baleado que enseguida comenz\u00f3 a caminar mal: al parecer la bala le hab\u00eda&nbsp;impactado&nbsp;en una de las&nbsp;piernas.<\/p>\n\n\n\n<p>De a poco y con un trote lento, el herido retrocedi\u00f3 y&nbsp;huy\u00f3&nbsp;del lugar tom\u00e1ndose de la pierna izquierda. Todo ocurri\u00f3 a plena luz del d\u00eda y a la vista de menores que jugaban en la vereda.<\/p>\n\n\n\n<p><\/p>\n\n\n\n<p><a rel=\"noreferrer noopener\" href=\"https:\/\/www.facebook.com\/sharer.php?u=https%3A%2F%2Fwww.radiosudamericana.com%2Fnota%2Fespectaculos%2F277150-Le-robaron-los-anteojos-de-sol-y-Pampita-le-dio-una-sorpresa.htm\" target=\"_blank\"><\/a>\u00a0<\/p>\n","protected":false},"excerpt":{"rendered":"<p>La impactante escena fue capturada por un vecino que estaba a pocos metros del lugar&#8230;.<\/p>\n","protected":false},"author":1,"featured_media":84,"comment_status":"open","ping_status":"open","sticky":false,"template":"","format":"standard","meta":[],"categories":[1],"tags":[],"_links":{"self":[{"href":"https:\/\/neanoticias.com\/index.php\/wp-json\/wp\/v2\/posts\/83"}],"collection":[{"href":"https:\/\/neanoticias.com\/index.php\/wp-json\/wp\/v2\/posts"}],"about":[{"href":"https:\/\/neanoticias.com\/index.php\/wp-json\/wp\/v2\/types\/post"}],"author":[{"embeddable":true,"href":"https:\/\/neanoticias.com\/index.php\/wp-json\/wp\/v2\/users\/1"}],"replies":[{"embeddable":true,"href":"https:\/\/neanoticias.com\/index.php\/wp-json\/wp\/v2\/comments?post=83"}],"version-history":[{"count":1,"href":"https:\/\/neanoticias.com\/index.php\/wp-json\/wp\/v2\/posts\/83\/revisions"}],"predecessor-version":[{"id":85,"href":"https:\/\/neanoticias.com\/index.php\/wp-json\/wp\/v2\/posts\/83\/revisions\/85"}],"wp:featuredmedia":[{"embeddable":true,"href":"https:\/\/neanoticias.com\/index.php\/wp-json\/wp\/v2\/media\/84"}],"wp:attachment":[{"href":"https:\/\/neanoticias.com\/index.php\/wp-json\/wp\/v2\/media?parent=83"}],"wp:term":[{"taxonomy":"category","embeddable":true,"href":"https:\/\/neanoticias.com\/index.php\/wp-json\/wp\/v2\/categories?post=83"},{"taxonomy":"post_tag","embeddable":true,"href":"https:\/\/neanoticias.com\/index.php\/wp-json\/wp\/v2\/tags?post=83"}],"curies":[{"name":"wp","href":"https:\/\/api.w.org\/{rel}","templated":true}]}}