{"id":826,"date":"2023-06-26T13:49:06","date_gmt":"2023-06-26T13:49:06","guid":{"rendered":"https:\/\/neanoticias.com\/?p=826"},"modified":"2023-06-26T13:49:07","modified_gmt":"2023-06-26T13:49:07","slug":"joven-ciclista-sufrio-golpiza-de-tres-maleantes-durante-un-robo","status":"publish","type":"post","link":"https:\/\/neanoticias.com\/index.php\/2023\/06\/26\/joven-ciclista-sufrio-golpiza-de-tres-maleantes-durante-un-robo\/","title":{"rendered":"JOVEN CICLISTA SUFRI\u00d3 GOLPIZA DE TRES MALEANTES DURANTE UN ROBO"},"content":{"rendered":"\n<p>La v\u00edctima circulaba sobre avenida Armenia cuando el grupo de delincuentes sali\u00f3 a su paso. Fue acorralado contra una pared, tirado al piso y pateado. As\u00ed fue como le quitaron su veh\u00edculo. Al defenderse, evit\u00f3 la sustracci\u00f3n de una mochila.<\/p>\n\n\n\n<figure class=\"wp-block-image size-full\"><img loading=\"lazy\" width=\"762\" height=\"537\" src=\"https:\/\/neanoticias.com\/wp-content\/uploads\/2023\/06\/1300574w762h537c.jpg.webp\" alt=\"\" class=\"wp-image-827\" srcset=\"https:\/\/neanoticias.com\/wp-content\/uploads\/2023\/06\/1300574w762h537c.jpg.webp 762w, https:\/\/neanoticias.com\/wp-content\/uploads\/2023\/06\/1300574w762h537c.jpg-300x211.webp 300w\" sizes=\"(max-width: 762px) 100vw, 762px\" \/><\/figure>\n\n\n\n<p>Un joven sufri\u00f3 heridas en el rostro, brazos, pierna y manos como consecuencia de una golpiza ocasionada por tres delincuentes, quienes lo interceptaron mientras circulaba sobre una avenida de la capital provincial para robar su bicicleta.<\/p>\n\n\n\n<p>El asalto en banda se produjo a la madrugada, en la esquina de Armenia y calle 19 de Mayo del barrio Hip\u00f3dromo, seg\u00fan la denuncia del damnificado ante la Polic\u00eda.<\/p>\n\n\n\n<p>Alrededor de las 3:15, Jos\u00e9 Luis C, de 23 a\u00f1os, manejaba una Nordic rodado 29, negra con detalles blancos, desde el centro en direcci\u00f3n al barrio Lomas del Mirador.<\/p>\n\n\n\n<p>El muchacho regresaba a su domicilio despu\u00e9s de cumplir con su trabajo en un local gastron\u00f3mico en la costanera y hac\u00eda el recorrido habitual.<\/p>\n\n\n\n<p>A lo lejos, seg\u00fan describi\u00f3 al realizar la denuncia penal en la comisar\u00eda seccional Quinta, vio que en la esquina mencionada -sobre la vereda opuesta- estaban tres personas conversando.<\/p>\n\n\n\n<p>En el momento en que \u00e9l se aproximaba a la intersecci\u00f3n, vio a aquellos sujetos cruzar corriendo a su encuentro y entonces supo que iba a ser v\u00edctima de un il\u00edcito.<\/p>\n\n\n\n<p>Jos\u00e9 Luis realiz\u00f3 una maniobra evasiva, subi\u00f3 a la vereda tratando de ir m\u00e1s r\u00e1pido, pero fue imposible esquivar al grupo de ladrones. Uno de ellos lo empuj\u00f3 contra una pared, ocasionando una ca\u00edda muy fuerte.<\/p>\n\n\n\n<p>Mientras estaba tirado, fue objeto de patadas y golpes de pu\u00f1o, mientras le robaban la bicicleta. En cambio, cuando trataron de quitarle una mochila y su ri\u00f1onera alcanz\u00f3 a defenderse a la vez que comenz\u00f3 a correr.<\/p>\n\n\n\n<p>Pese al pedido de ayuda &#8220;a gritos&#8221;, no la obtuvo. A los pocos segundos, tales malvivientes decidieron huir hacia el otro lado de la avenida, ingresando al barrio Quinta Ferr\u00e9, ante la proximidad de motociclistas a los cuales Jos\u00e9 Luis ped\u00eda auxilio.<\/p>\n\n\n\n<p>A ra\u00edz de la ca\u00edda como de los golpes recibidos, el muchacho sufri\u00f3 excoriaciones en los brazos y manos. Aparte, en el rostro acusa dos heridas producto de trompadas.<\/p>\n\n\n\n<p>De los tres maleantes, uno &#8220;ten\u00eda barba&#8221; y a los dem\u00e1s no les pudo ver el rostro, porque vest\u00edan buzos con capuchas colocadas.<\/p>\n\n\n\n<p>De acuerdo a datos extraoficiales, la banda estar\u00eda compuesta por hombres &#8220;con antecedentes&#8221; y su lugar de residencia estar\u00eda situado a unas pocas cuadras del escenario del asalto.<\/p>\n","protected":false},"excerpt":{"rendered":"<p>La v\u00edctima circulaba sobre avenida Armenia cuando el grupo de delincuentes sali\u00f3 a su paso&#8230;.<\/p>\n","protected":false},"author":1,"featured_media":827,"comment_status":"open","ping_status":"open","sticky":false,"template":"","format":"standard","meta":[],"categories":[1],"tags":[],"_links":{"self":[{"href":"https:\/\/neanoticias.com\/index.php\/wp-json\/wp\/v2\/posts\/826"}],"collection":[{"href":"https:\/\/neanoticias.com\/index.php\/wp-json\/wp\/v2\/posts"}],"about":[{"href":"https:\/\/neanoticias.com\/index.php\/wp-json\/wp\/v2\/types\/post"}],"author":[{"embeddable":true,"href":"https:\/\/neanoticias.com\/index.php\/wp-json\/wp\/v2\/users\/1"}],"replies":[{"embeddable":true,"href":"https:\/\/neanoticias.com\/index.php\/wp-json\/wp\/v2\/comments?post=826"}],"version-history":[{"count":1,"href":"https:\/\/neanoticias.com\/index.php\/wp-json\/wp\/v2\/posts\/826\/revisions"}],"predecessor-version":[{"id":828,"href":"https:\/\/neanoticias.com\/index.php\/wp-json\/wp\/v2\/posts\/826\/revisions\/828"}],"wp:featuredmedia":[{"embeddable":true,"href":"https:\/\/neanoticias.com\/index.php\/wp-json\/wp\/v2\/media\/827"}],"wp:attachment":[{"href":"https:\/\/neanoticias.com\/index.php\/wp-json\/wp\/v2\/media?parent=826"}],"wp:term":[{"taxonomy":"category","embeddable":true,"href":"https:\/\/neanoticias.com\/index.php\/wp-json\/wp\/v2\/categories?post=826"},{"taxonomy":"post_tag","embeddable":true,"href":"https:\/\/neanoticias.com\/index.php\/wp-json\/wp\/v2\/tags?post=826"}],"curies":[{"name":"wp","href":"https:\/\/api.w.org\/{rel}","templated":true}]}}