{"id":823,"date":"2023-06-26T13:42:19","date_gmt":"2023-06-26T13:42:19","guid":{"rendered":"https:\/\/neanoticias.com\/?p=823"},"modified":"2023-06-26T13:42:21","modified_gmt":"2023-06-26T13:42:21","slug":"robo-garrafa-a-cinco-kilometros-de-su-domicilio","status":"publish","type":"post","link":"https:\/\/neanoticias.com\/index.php\/2023\/06\/26\/robo-garrafa-a-cinco-kilometros-de-su-domicilio\/","title":{"rendered":"ROB\u00d3 GARRAFA A CINCO KIL\u00d3METROS DE SU DOMICILIO"},"content":{"rendered":"\n<figure class=\"wp-block-image size-full\"><img loading=\"lazy\" width=\"762\" height=\"567\" src=\"https:\/\/neanoticias.com\/wp-content\/uploads\/2023\/06\/1300577w762h567c.jpg.webp\" alt=\"\" class=\"wp-image-824\" srcset=\"https:\/\/neanoticias.com\/wp-content\/uploads\/2023\/06\/1300577w762h567c.jpg.webp 762w, https:\/\/neanoticias.com\/wp-content\/uploads\/2023\/06\/1300577w762h567c.jpg-300x223.webp 300w\" sizes=\"(max-width: 762px) 100vw, 762px\" \/><\/figure>\n\n\n\n<p>Las c\u00e1maras de seguridad de una vivienda, situada en un barrio cerrado en las afueras de la capital de Corrientes, grabaron la incursi\u00f3n de un maleante que sustrajo una garrafa y a partir de esa evidencia la Polic\u00eda captur\u00f3 al sospechoso.<\/p>\n\n\n\n<p>El delito se produjo el viernes en un predio situado a la vera del kil\u00f3metro 12 de la Ruta Provincial 5, en jurisdicci\u00f3n del barrio Laguna Brava.<\/p>\n\n\n\n<p>Con la denuncia del due\u00f1o de casa y el aporte del material visual las autoridades de la comisar\u00eda D\u00e9cima no tardaron en identificar al presunto responsable del il\u00edcito.<\/p>\n\n\n\n<p>Se trata de un joven de alias &#8220;Tato&#8221;, cuyo domicilio est\u00e1 ubicado en Ruta Provincial 5, pero a la altura del kil\u00f3metro 7.<\/p>\n\n\n\n<p>Ayer, efectivos de la mencionada dependencia de seguridad realizaron el allanamiento en el inmueble habitado por &#8220;Tato&#8221;.<\/p>\n\n\n\n<p>El joven dorm\u00eda cuando bien temprano arribaron los uniformados y comunicaron que desde ese instante quedar\u00eda detenido.<\/p>\n\n\n\n<p>En el inmueble secuestraron prendas de vestir que re\u00fanen similitudes a las observadas en las filmaciones de c\u00e1maras de seguridad, tales como un buzo con capucha, pantal\u00f3n y un par de &#8220;crocs&#8221;.<\/p>\n","protected":false},"excerpt":{"rendered":"<p>Las c\u00e1maras de seguridad de una vivienda, situada en un barrio cerrado en las afueras&#8230;<\/p>\n","protected":false},"author":1,"featured_media":824,"comment_status":"open","ping_status":"open","sticky":false,"template":"","format":"standard","meta":[],"categories":[1],"tags":[],"_links":{"self":[{"href":"https:\/\/neanoticias.com\/index.php\/wp-json\/wp\/v2\/posts\/823"}],"collection":[{"href":"https:\/\/neanoticias.com\/index.php\/wp-json\/wp\/v2\/posts"}],"about":[{"href":"https:\/\/neanoticias.com\/index.php\/wp-json\/wp\/v2\/types\/post"}],"author":[{"embeddable":true,"href":"https:\/\/neanoticias.com\/index.php\/wp-json\/wp\/v2\/users\/1"}],"replies":[{"embeddable":true,"href":"https:\/\/neanoticias.com\/index.php\/wp-json\/wp\/v2\/comments?post=823"}],"version-history":[{"count":1,"href":"https:\/\/neanoticias.com\/index.php\/wp-json\/wp\/v2\/posts\/823\/revisions"}],"predecessor-version":[{"id":825,"href":"https:\/\/neanoticias.com\/index.php\/wp-json\/wp\/v2\/posts\/823\/revisions\/825"}],"wp:featuredmedia":[{"embeddable":true,"href":"https:\/\/neanoticias.com\/index.php\/wp-json\/wp\/v2\/media\/824"}],"wp:attachment":[{"href":"https:\/\/neanoticias.com\/index.php\/wp-json\/wp\/v2\/media?parent=823"}],"wp:term":[{"taxonomy":"category","embeddable":true,"href":"https:\/\/neanoticias.com\/index.php\/wp-json\/wp\/v2\/categories?post=823"},{"taxonomy":"post_tag","embeddable":true,"href":"https:\/\/neanoticias.com\/index.php\/wp-json\/wp\/v2\/tags?post=823"}],"curies":[{"name":"wp","href":"https:\/\/api.w.org\/{rel}","templated":true}]}}