{"id":820,"date":"2023-06-26T13:39:45","date_gmt":"2023-06-26T13:39:45","guid":{"rendered":"https:\/\/neanoticias.com\/?p=820"},"modified":"2023-06-26T13:39:46","modified_gmt":"2023-06-26T13:39:46","slug":"juntos-provincia-y-municipio-tassano-presento-la-semana-del-ambiente","status":"publish","type":"post","link":"https:\/\/neanoticias.com\/index.php\/2023\/06\/26\/juntos-provincia-y-municipio-tassano-presento-la-semana-del-ambiente\/","title":{"rendered":"JUNTOS, PROVINCIA Y MUNICIPIO: TASSANO PRESENT\u00d3 LA SEMANA DEL AMBIENTE"},"content":{"rendered":"\n<p><em>\u201cPara nosotros, las acciones de preservaci\u00f3n del ambiente son una pol\u00edtica de Estado\u201d, resalt\u00f3 el intendente, quien encabez\u00f3 el acto en el D\u00eda Mundial del Medio Ambiente junto a la ministra de Turismo, el titular del ICAA, funcionarios provinciales y municipales, y concejales capitalinos. La agenda de actividades programada contempla disertaciones, plantaci\u00f3n de \u00e1rboles, inauguraci\u00f3n de un nuevo Punto Verde en la ciudad y la firma de convenio sobre edificios p\u00fablicos energ\u00e9ticamente sustentables.<\/em><\/p>\n\n\n\n<figure class=\"wp-block-image size-large\"><img loading=\"lazy\" width=\"1024\" height=\"683\" src=\"https:\/\/neanoticias.com\/wp-content\/uploads\/2023\/06\/4fdb3b6e-8f15-5ba6-1c80-2e5591dea5bb-1024x683.jpg\" alt=\"\" class=\"wp-image-821\" srcset=\"https:\/\/neanoticias.com\/wp-content\/uploads\/2023\/06\/4fdb3b6e-8f15-5ba6-1c80-2e5591dea5bb-1024x683.jpg 1024w, https:\/\/neanoticias.com\/wp-content\/uploads\/2023\/06\/4fdb3b6e-8f15-5ba6-1c80-2e5591dea5bb-300x200.jpg 300w, https:\/\/neanoticias.com\/wp-content\/uploads\/2023\/06\/4fdb3b6e-8f15-5ba6-1c80-2e5591dea5bb-768x512.jpg 768w, https:\/\/neanoticias.com\/wp-content\/uploads\/2023\/06\/4fdb3b6e-8f15-5ba6-1c80-2e5591dea5bb-1536x1024.jpg 1536w, https:\/\/neanoticias.com\/wp-content\/uploads\/2023\/06\/4fdb3b6e-8f15-5ba6-1c80-2e5591dea5bb-2048x1365.jpg 2048w\" sizes=\"(max-width: 1024px) 100vw, 1024px\" \/><\/figure>\n\n\n\n<p>En el D\u00eda Mundial del Medio Ambiente, el intendente Eduardo Tassano encabez\u00f3 el acto de lanzamiento de la Semana del Ambiente, una serie de actividades en articulaci\u00f3n con el Gobierno provincial que apunta a la concientizaci\u00f3n sobre el tema y que incluye disertaciones, plantaci\u00f3n de \u00e1rboles, la inauguraci\u00f3n de un nuevo Punto Verde en la ciudad y la firma de convenio sobre edificios p\u00fablicos energ\u00e9ticamente sustentables.<br>El encuentro se llev\u00f3 a cabo este lunes en la Casa Iber\u00e1, ubicada en Pellegrini al 500, y cont\u00f3 con la presencia de la ministra de Turismo, Alejandra Eliciri; el administrador general del Instituto Correntino de Agua y del Ambiente (ICAA), Mario Salvia; el directivo de la unidad ejecutora Girsu (Gesti\u00f3n Integral de Residuos S\u00f3lidos Urbanos) de la Provincia, Adri\u00e1n Ozimek; el secretario de Ambiente y Desarrollo Sustentable del Municipio, Ignacio Maldonado Yonna; representantes de la fundaci\u00f3n Manos Verdes, de las entidades \u201cCorrentinos contra el cambio clim\u00e1tico\u201d y \u201cSalvemos el planeta\u201d e invitados especiales.<br>Luego del encuentro, el ICAA regal\u00f3 plantines donados por la Municipalidad de la Ciudad de Corrientes en la plaza 25 de Mayo, como parte de una campa\u00f1a de arborizaci\u00f3n y concientizaci\u00f3n ambiental en la ciudad.<\/p>\n\n\n\n<figure class=\"wp-block-embed is-type-video is-provider-youtube wp-block-embed-youtube wp-embed-aspect-16-9 wp-has-aspect-ratio\"><div class=\"wp-block-embed__wrapper\">\n<iframe loading=\"lazy\" title=\"Juntos, Provincia y Municipio: Tassano present\u00f3 la Semana del Ambiente en la ciudad\" width=\"640\" height=\"360\" src=\"https:\/\/www.youtube.com\/embed\/jrSO_9S0MnE?feature=oembed\" frameborder=\"0\" allow=\"accelerometer; autoplay; clipboard-write; encrypted-media; gyroscope; picture-in-picture; web-share\" allowfullscreen><\/iframe>\n<\/div><\/figure>\n\n\n\n<p>TASSANO: \u201cLA CIUDAD LUCHA CONTRA EL CAMBIO CLIM\u00c1TICO\u201d<br>La gesti\u00f3n que encabeza por Tassano instal\u00f3 en la agenda p\u00fablica la cuesti\u00f3n ambiental y la lucha contra el cambio clim\u00e1tico en la ciudad, a la vez que convoc\u00f3, por medio de diversas actividades, a la participaci\u00f3n ciudadana, para sumarse al trabajo conjunto en la materia.<br>\u201cEste es un d\u00eda para la reflexi\u00f3n y para nosotros, las acciones de preservaci\u00f3n del ambiente son una pol\u00edtica de Estado. Todas las acciones que llevamos adelante como arborizaci\u00f3n, reciclado, gesti\u00f3n de residuos o la utilizaci\u00f3n de energ\u00edas renovables, son actividades que van guiadas por el plan que fuera aprobado por el Pacto Mundial de Alcaldes\u201d, remarc\u00f3 en ese sentido el intendente.<br>Asimismo, valor\u00f3 el hecho de estar en una \u201cprovincia privilegiada y en una ciudad que lucha contra el cambio clim\u00e1tico\u201d.<br>\u201cNosotros ya estamos avanzados en esa cuesti\u00f3n en comparaci\u00f3n con otras capitales del pa\u00eds y eso nos llena de esperanzas. Cuando vamos a las escuelas, cuando compartimos con la gente joven, r\u00e1pidamente adhieren a la idea de cuidar el ambiente y ah\u00ed tenemos nuestros adeptos para continuar con esta lucha\u201d, consider\u00f3.<br><br>\u201cCADA ACCI\u00d3N SUMA Y HAY MUCHAS COSAS POR HACER\u201d<br>El intendente hizo referencia luego a los lineamientos que forman parte de la lucha contra el cambio clim\u00e1tico y a acciones que no se rigen por un plan aislado, sino que se potencian cuando se multiplican.&nbsp;&nbsp;&nbsp;<br>\u201cEstamos convencidos de que hay muchas cosas para hacer; los pa\u00edses en el mundo no tienen un programa espec\u00edfico de lucha contra el cambio clim\u00e1tico. Una de las conclusiones a las que llegamos es que se debe hacer todo lo que se pueda, en el ambiente en el que uno est\u00e1 y de la forma en que sea posible\u201d, afirm\u00f3 Tassano. \u201cAlgunos combatir\u00e1n la utilizaci\u00f3n de agroqu\u00edmicos en el campo, otros generar\u00e1n planes de atenuaci\u00f3n ante inundaciones. Todas las acciones son v\u00e1lidas y es por eso que no hay una l\u00ednea definida en ese sentido y cada acci\u00f3n es buena\u201d, ejemplific\u00f3 en ese sentido.<br>El intendente se refiri\u00f3 luego al trabajo realizado en ese aspecto en la ciudad desde el inicio de su gesti\u00f3n: \u201cCreo que son destacables los logros que hemos obtenido con el Plan H\u00eddrico, un mecanismo de adaptaci\u00f3n al cambio clim\u00e1tico ante inundaciones. Y eso nos dio la muestra de la importancia que tiene el hecho de que los gobiernos incorporen a su presupuesto los recursos para el desarrollo de acciones contra el cambio clim\u00e1tico\u201d, manifest\u00f3.<br><br>ICAA: APORTES DE INFORMACI\u00d3N Y CAPACITACIONES<br>El titular del Instituto Correntino del Agua y el Ambiente celebr\u00f3 la planificaci\u00f3n de acciones conjuntas con el Municipio en materia ambiental y el despliegue participativo e informativo con los vecinos: \u201cPrevemos el desarrollo de una amplia tem\u00e1tica que busca generar conciencia sobre la importancia de nuestros recursos naturales. Desde el ICAA nos adherimos a todas estas acciones con un despliegue de informaci\u00f3n y capacitaciones que van a estar disponibles en el canal de YouTube del organismo\u201d, inform\u00f3.<br>De igual manera, Salvia destac\u00f3 el trabajo que se lleva adelante desde el organismo: \u201cUna de las funciones m\u00e1s importantes de ICAA justamente est\u00e1 ligada al cuidado del ambiente. Para nosotros todos los d\u00edas es el D\u00eda Mundial del Medio Ambiente y nos abocamos a que nuestras acciones sean sustentables y sostenibles a lo largo del tiempo\u201d, dijo.&nbsp;&nbsp;&nbsp;<br>Luego de la presentaci\u00f3n de las actividades junto a las autoridades municipales, profesionales del ICAA brindaron charlas informativas en instituciones educativas para luego concretar una muestra en la plaza 25 de Mayo, con entrega de ejemplares de \u00e1rboles para plantar en la ciudad, plantines aportados por el municipio.<br><br>ELICIRI: \u201cSE HIZO MUCHO, PERO TODAV\u00cdA FALTA\u201d<br>Durante el acto, la ministra de Turismo se\u00f1al\u00f3 que \u201cen su momento, el objetivo principal de fijar el D\u00eda Mundial del Medio Ambiente fue crear un espacio de concientizaci\u00f3n, reflexi\u00f3n y sobre todo sensibilizar con temas que tienen que ver con el cuidado del medioambiente; y hoy, a nivel mundial se hace mucho, pero es poco, porque todav\u00eda nos falta, ya que la poblaci\u00f3n crece y tambi\u00e9n crece la demanda y tambi\u00e9n la presi\u00f3n sobre los recursos naturales, lo que lleva a que todo el tiempo estemos impulsando acciones que pretenden mitigar y\/o minimizar los impactos que se generan\u201d.<br>Adem\u00e1s, se\u00f1al\u00f3 que \u201chace muchos a\u00f1os que trabaja en temas ambientales y me toc\u00f3 cumplir el rol de educadora ambiental, por lo cual desde mi experiencia puedo decir que se avanz\u00f3 mucho, pero tambi\u00e9n que hay que ir por m\u00e1s\u201d.<br>La ministra Eliciri consider\u00f3 tambi\u00e9n que \u201ctodas las instancias institucionales debemos trabajar con todos los objetivos del desarrollo sustentable, los cuales establecen claramente todas las l\u00edneas de acciones en todos los \u00e1mbitos, sean p\u00fablicos como privados, que debemos seguir justamente para poder cuidar la casa en la que vivimos\u201d.<br>Asimismo, exhort\u00f3 a que \u201ccada ciudadano y ciudadana, desde su lugar, trate de establecer una actividad que nos lleve a reflexionar y a tender a trabajar mucho m\u00e1s en las acciones micro, que son las que realmente contribuyen a cuidar el medioambiente\u201d.<br>De esta manera, agreg\u00f3, \u201cse generan acciones clave de mitigaci\u00f3n del impacto del cambio clim\u00e1tico\u201d.<br>Finalmente, hizo hincapi\u00e9 en la necesidad de trabajar en la sustentabilidad de todos los proyectos productivos.<br><br>\u201cAL TERMINAR LA SEMANA HABREMOS AVANZADO UN POCO M\u00c1S\u201d<br>A su turno, el secretario de Ambiente y Desarrollo Sustentable de la Municipalidad dio relevancia a la importan de un trabajo mancomunado con diferentes organismos estatales y a la posibilidad de poder trasladar valores ambientales a la ciudan\u00eda.&nbsp;&nbsp;<br>\u201cUnificamos acciones con el ICAA, la Unidad Girsu y la Secretar\u00eda de Ambiente de la Municipalidad, para hacer el lanzamiento conjunto de las diferentes actividades que cada uno propone a la ciudadan\u00eda para un d\u00eda que consideramos de reflexi\u00f3n\u201d, explic\u00f3 el funcionario.<br>Maldonado Yonna destac\u00f3 luego que \u201cdesde el Municipio nos adherimos a una fecha tan significativa como es el D\u00eda Mundial del Medio Ambiente llevando adelante acciones que se van a desplegar a lo largo de una semana\u201d, tras lo cual asegur\u00f3 que \u201cqueremos seguir con los lineamientos dispuestos por el intendente en materia ambiental y seguir sumando a los ciudadanos a los diferentes programas\u201d.<br>En ese aspecto, detall\u00f3 que en el trascurso de la semana que inici\u00f3 se van a brindar capacitaciones de reciclaje en los colegios, se va a inaugurar el 14\u00ba Punto Verde de la ciudad y un nuevo espacio recuperado. Adem\u00e1s, est\u00e1 prevista una plantaci\u00f3n de \u00e1rboles.<br>Finalmente, Maldonado Yonna valor\u00f3 el trabajo realizado y los logros por venir en materia ambiental: \u201cEstamos convencidos de que al finalizar esta semana habremos avanzando un poco m\u00e1s, que vamos a lograr adhesi\u00f3n de los vecinos por una ciudad m\u00e1s limpia, con m\u00e1s gente reciclando y entendiendo la importancia del arbolado urbano\u201d, consider\u00f3.<br><br>ACTIVIDADES EN LA SEMANA DEL AMBIENTE<br>Durante el encuentro desarrollado en la Casa Iber\u00e1 se especificaron las actividades en la Semana del Ambiente, que este lunes tambi\u00e9n contempla, a las 14, una charla de Educaci\u00f3n Ambiental en la Escuela Nacional de Comercio \u201cManuel Belgrano\u201d.<br>El martes, en tanto est\u00e1 previsto para las 16 plantar \u00e1rboles en el espacio verde ubicado en calles Arias de Mansilla y Soto del barrio Parque Cadenas.<br>Posteriormente, a las 17, se presentar\u00e1 el programa de mitigaci\u00f3n de minibasurales en el cruce de las calles Vidal y Perugorr\u00eda.<br>El mi\u00e9rcoles, a las 11, se inaugurar\u00e1 Punto Verde n\u00famero 14 que funciona en la ciudad, que estar\u00e1 ubicado en cercan\u00edas de la Delegaci\u00f3n Madariaga.<br>A las 14, se llevar\u00e1 a cabo una charla de educaci\u00f3n ambiental en la Escuela Comercio. Y el jueves, a las 9.30, se desarrollar\u00e1 el acto de firma de acuerdo de trabajo entre la Municipalidad de la Ciudad de Corrientes y la Secretar\u00eda de Energ\u00eda de la Provincia para impulsar el programa \u201cEdificios p\u00fablicos energ\u00e9ticamente sustentables\u201d.<\/p>\n","protected":false},"excerpt":{"rendered":"<p>\u201cPara nosotros, las acciones de preservaci\u00f3n del ambiente son una pol\u00edtica de Estado\u201d, resalt\u00f3 el&#8230;<\/p>\n","protected":false},"author":1,"featured_media":821,"comment_status":"open","ping_status":"open","sticky":false,"template":"","format":"standard","meta":[],"categories":[1],"tags":[],"_links":{"self":[{"href":"https:\/\/neanoticias.com\/index.php\/wp-json\/wp\/v2\/posts\/820"}],"collection":[{"href":"https:\/\/neanoticias.com\/index.php\/wp-json\/wp\/v2\/posts"}],"about":[{"href":"https:\/\/neanoticias.com\/index.php\/wp-json\/wp\/v2\/types\/post"}],"author":[{"embeddable":true,"href":"https:\/\/neanoticias.com\/index.php\/wp-json\/wp\/v2\/users\/1"}],"replies":[{"embeddable":true,"href":"https:\/\/neanoticias.com\/index.php\/wp-json\/wp\/v2\/comments?post=820"}],"version-history":[{"count":1,"href":"https:\/\/neanoticias.com\/index.php\/wp-json\/wp\/v2\/posts\/820\/revisions"}],"predecessor-version":[{"id":822,"href":"https:\/\/neanoticias.com\/index.php\/wp-json\/wp\/v2\/posts\/820\/revisions\/822"}],"wp:featuredmedia":[{"embeddable":true,"href":"https:\/\/neanoticias.com\/index.php\/wp-json\/wp\/v2\/media\/821"}],"wp:attachment":[{"href":"https:\/\/neanoticias.com\/index.php\/wp-json\/wp\/v2\/media?parent=820"}],"wp:term":[{"taxonomy":"category","embeddable":true,"href":"https:\/\/neanoticias.com\/index.php\/wp-json\/wp\/v2\/categories?post=820"},{"taxonomy":"post_tag","embeddable":true,"href":"https:\/\/neanoticias.com\/index.php\/wp-json\/wp\/v2\/tags?post=820"}],"curies":[{"name":"wp","href":"https:\/\/api.w.org\/{rel}","templated":true}]}}