{"id":814,"date":"2023-05-29T10:47:00","date_gmt":"2023-05-29T10:47:00","guid":{"rendered":"https:\/\/neanoticias.com\/?p=814"},"modified":"2023-06-05T10:50:33","modified_gmt":"2023-06-05T10:50:33","slug":"valdes-anuncio-mas-inversiones-en-educacion-salud-y-viviendas-el-progreso-no-es-casualidad","status":"publish","type":"post","link":"https:\/\/neanoticias.com\/index.php\/2023\/05\/29\/valdes-anuncio-mas-inversiones-en-educacion-salud-y-viviendas-el-progreso-no-es-casualidad\/","title":{"rendered":"Vald\u00e9s anunci\u00f3 m\u00e1s inversiones en educaci\u00f3n, salud y viviendas: &#8220;El progreso no es casualidad&#8221;"},"content":{"rendered":"\n<figure class=\"wp-block-image size-full\"><img loading=\"lazy\" width=\"770\" height=\"514\" src=\"https:\/\/neanoticias.com\/wp-content\/uploads\/2023\/06\/image.png\" alt=\"\" class=\"wp-image-815\" srcset=\"https:\/\/neanoticias.com\/wp-content\/uploads\/2023\/06\/image.png 770w, https:\/\/neanoticias.com\/wp-content\/uploads\/2023\/06\/image-300x200.png 300w, https:\/\/neanoticias.com\/wp-content\/uploads\/2023\/06\/image-768x513.png 768w\" sizes=\"(max-width: 770px) 100vw, 770px\" \/><\/figure>\n\n\n\n<p class=\"has-medium-font-size\">El gobernador Gustavo Vald\u00e9s presidi\u00f3 este lunes el acto central en conmemoraci\u00f3n al 99\u00ba aniversario fundacional de Colonia Liebig, realizado en la Plaza General San Mart\u00edn de dicha localidad.<\/p>\n\n\n\n<p class=\"has-medium-font-size\">En la oportunidad, el Mandatario, acompa\u00f1ado por la intendente Lorena Kowacz, &nbsp;precis\u00f3 que, con recursos de la Provincia, se construir\u00e1 una nueva escuela secundaria para la localidad, a fin de fortalecer la educaci\u00f3n p\u00fablica y gratuita. Tambi\u00e9n, se\u00f1al\u00f3 que en breve se entregar\u00e1n 35 viviendas a trav\u00e9s del INVICO y garantiz\u00f3 la construcci\u00f3n de m\u00e1s soluciones habitacionales para la comunidad, adem\u00e1s de otras obras de infraestructura para potenciar el desarrollo del pueblo.<\/p>\n\n\n\n<p class=\"has-medium-font-size\">Asimismo, el gobernador otorg\u00f3 a la jefa comunal un subsidio de 4 millones de pesos, destinado a solventar gastos organizativos del aniversario.<\/p>\n\n\n\n<p class=\"has-medium-font-size\">Gobernador Vald\u00e9s<\/p>\n\n\n\n<p class=\"has-medium-font-size\">&#8220;Cada uno tiene que tratar de ser el mejor en lo que est\u00e1 haciendo y luego, junto a las autoridades, ver qu\u00e9 es lo que estamos construyendo hacia el futuro&#8221;, inici\u00f3 su alocuci\u00f3n el mandatario, destacando a la comunidad de Liebig, &#8220;que trabaja desde esa amalgama del crisol de razas&#8221;. &#8220;El progreso aqu\u00ed no es una casualidad, ya que hay una comunidad organizada&#8221;, continu\u00f3 en este sentido.<\/p>\n\n\n\n<p class=\"has-medium-font-size\">En otro orden de temas, Vald\u00e9s ratific\u00f3 su compromiso con la educaci\u00f3n p\u00fablica, anunciando que &#8220;vamos a estar haciendo una gran escuela secundaria&#8221; en la localidad, ante el reconocimiento del p\u00fablico.<\/p>\n\n\n\n<p class=\"has-medium-font-size\">Por otra parte, el gobernador adelant\u00f3 que seguir\u00e1 invirtiendo en infraestructura en la misma comuna, en materia de salud p\u00fablica, pavimento, cordones cuneta, iluminaci\u00f3n, y el apoyo a las fiestas populares, recordando que la jurisdicci\u00f3n cumplir\u00e1 100 a\u00f1os en 2024.<\/p>\n\n\n\n<p class=\"has-medium-font-size\">Adem\u00e1s, el mismo titular del Ejecutivo dio cuenta que pronto se entregar\u00e1n 35 viviendas que est\u00e1n siendo en ejecutadas en la comuna, adelantando que &#8220;seguiremos haciendo m\u00e1s viviendas para que Colonia Liebig siga creciendo organizadamente&#8221;.<\/p>\n\n\n\n<p class=\"has-medium-font-size\">Lorena Kowacz<\/p>\n\n\n\n<p class=\"has-medium-font-size\">La intendenta de Colonia Liebig realiz\u00f3 un repaso de su gesti\u00f3n al frente del Municipio, agradeciendo el apoyo que el gobernador Vald\u00e9s manda desde la Provincia. As\u00ed, mencion\u00f3 las distintas obras que se realizaron y se har\u00e1n.<\/p>\n\n\n\n<p class=\"has-medium-font-size\">En ese contexto coment\u00f3 que hubo importantes trabajos en intervenci\u00f3n de calles, dejando al ejido urbano casi sin calles de tierra. Tambi\u00e9n se hicieron viviendas y se invierte fuertemente en otras 34 que se est\u00e1n ejecutando.<\/p>\n\n\n\n<p class=\"has-medium-font-size\">Resalt\u00f3 la ampliaci\u00f3n del hospital, permitiendo nuevos sectores y servicios a la comunidad, fue otra de las menciones. Tambi\u00e9n no pas\u00f3 por alto el acompa\u00f1amiento a los productores, mejoramiento de espacio p\u00fablicos y acondicionamiento del polideportivo, entre otras obras que son posibles gracias al acompa\u00f1amiento de la Provincia.<\/p>\n\n\n\n<p class=\"has-medium-font-size\">El acto<\/p>\n\n\n\n<p class=\"has-medium-font-size\">Tras el saludo de la formaci\u00f3n especial 29 de mayo al gobernador Vald\u00e9s, dio inicio el acto, con la interpretaci\u00f3n del Himno Nacional en versi\u00f3n guaran\u00ed y la canci\u00f3n oficial &#8221; A Colonia Liebig&#8221;, con letra y m\u00fasica de N\u00e9lida Argentina Zen\u00f3n.<\/p>\n\n\n\n<p class=\"has-medium-font-size\">Luego, se procedi\u00f3 a la entonaci\u00f3n del Himno Nacional Argentino, ejecutado por la orquesta de m\u00fasica del Instituto Pascual Gentilini.<\/p>\n\n\n\n<p class=\"has-medium-font-size\">Seguidamente, la intendente Lorena Kowacz hizo entrega al gobernador Gustavo Vald\u00e9s la resoluci\u00f3n declar\u00e1ndolo &#8220;Hu\u00e9sped de Honor&#8221; de la localidad durante su estad\u00eda.<\/p>\n\n\n\n<p class=\"has-medium-font-size\">Continuando, se procedi\u00f3 a la ofrenda floral al pie del &#8220;Ba\u00fal de los Recuerdos&#8221;, realizada por el gobernador Vald\u00e9s y otras autoridades, al igual que por miembros y descendientes de las colectividades que habitan la localidad, mencion\u00e1ndose entre ellas alemanas, polacas, paraguayas e italianas.<\/p>\n\n\n\n<p class=\"has-medium-font-size\">Posteriormente fue el momento para un minuto de silencio en memoria de los fundadores fallecidos e invocaci\u00f3n religiosa, a cargo del padre Andr\u00e9s Rojas, junto a Ra\u00fal Asenchuk, del Consejo de Pastoral.<\/p>\n\n\n\n<p class=\"has-medium-font-size\">En la prosecuci\u00f3n del acto, Delia G\u00f3mez, de la colectividad paraguaya dirigi\u00f3 unas palabras haciendo una rese\u00f1a respecto a la historia de Ciriaco G\u00f3mez, ciudadano paraguayo, nacido en Requin Cue, que en 1952 se radic\u00f3 en Colonia Liebig y luego contrajo matrimonio con Anselma Su\u00e1rez, conformando una numerosa familia.<\/p>\n\n\n\n<p class=\"has-medium-font-size\">Ciriaco G\u00f3mez fue un modelo de perseverancia y ganas de crecer a trav\u00e9s de la cultura del trabajo y un espejo para las generaciones que vienen. Trabaj\u00f3 desde joven en la cosecha de yerba mate, tambi\u00e9n incursion\u00f3 en el rubro de los c\u00edtricos, siendo el fundador posteriormente de la Cooperativa Colonia Agr\u00edcola.<\/p>\n\n\n\n<p class=\"has-medium-font-size\">Ya jubilado, sent\u00f3 las bases para la creaci\u00f3n del Centro de Jubilados, falleciendo el 1 de noviembre de 2022. Sus restos descansan en el cementerio local, junto a su esposa y su ejemplo basado en el trabajo, la familia y los valores de Dios, se mantienen m\u00e1s vivos que nunca en la comunidad.<\/p>\n\n\n\n<p class=\"has-medium-font-size\">&nbsp;Tambi\u00e9n habl\u00f3 el c\u00f3nsul honorario de Alemania, Christian Kegler, destacando que de la mano de los pobladores e inmigrantes, Colonia Liebig, con el aporte de cada uno de ellos fue construyendo lo que hoy es, un verdadero crisol de colectividades.<\/p>\n\n\n\n<p class=\"has-medium-font-size\">&#8220;Hoy vemos una comunidad, pujante, embellecida, m\u00e9rito del esfuerzo y sudor de tanta gente&#8221;, concluy\u00f3 expresando Kegler.<\/p>\n\n\n\n<p class=\"has-medium-font-size\">En el marco de los festejos se realiz\u00f3 adem\u00e1s la premiaci\u00f3n a los equipos participantes en el torneo inter barrial de f\u00fatbol &#8220;Pre Centenario&#8221;.<\/p>\n\n\n\n<p class=\"has-medium-font-size\">La entrega de premios fue la siguiente: Curuz\u00fa-12 de octubre (primer puesto), San Martin-Carolina Villalba (segundo puesto), Deportivo Liebig (tercer puesto).<\/p>\n\n\n\n<p class=\"has-medium-font-size\">Tambi\u00e9n se efectu\u00f3 la entrega de premios del concurso de fotograf\u00eda organizado por la Secretaria de Cultura y hubo lugar para que la Escuela Municipal de Danzas &#8220;Imagen de Mi Pueblo&#8221;, ofrezca una demostraci\u00f3n que fue el deleite de los presentes.<\/p>\n\n\n\n<p class=\"has-medium-font-size\">Como corolario, se concret\u00f3 el tradicional Desfile C\u00edvico \u2013 Militar, con la participaci\u00f3n instituciones educativas, fuerzas de seguridad, bomberos voluntarios, Cazadores Correntinos, representantes del sector de la salud, asociaciones intermedias y civiles, Ballet Municipal y entidades deportivas.<\/p>\n\n\n\n<p class=\"has-medium-font-size\">Presencias<\/p>\n\n\n\n<p class=\"has-medium-font-size\">Participaron del acto, ministros, secretarios y subsecretarios del gabinete provincial, el interventor del INVICO, Lizardo Gonz\u00e1lez, legisladores nacionales y provinciales, autoridades municipales, concejales, intendentes de localidades vecinas, miembros de distintas colectividades, docentes, alumnos y p\u00fablico en general.<\/p>\n","protected":false},"excerpt":{"rendered":"<p>El gobernador Gustavo Vald\u00e9s presidi\u00f3 este lunes el acto central en conmemoraci\u00f3n al 99\u00ba aniversario&#8230;<\/p>\n","protected":false},"author":1,"featured_media":0,"comment_status":"open","ping_status":"open","sticky":false,"template":"","format":"standard","meta":[],"categories":[1],"tags":[],"_links":{"self":[{"href":"https:\/\/neanoticias.com\/index.php\/wp-json\/wp\/v2\/posts\/814"}],"collection":[{"href":"https:\/\/neanoticias.com\/index.php\/wp-json\/wp\/v2\/posts"}],"about":[{"href":"https:\/\/neanoticias.com\/index.php\/wp-json\/wp\/v2\/types\/post"}],"author":[{"embeddable":true,"href":"https:\/\/neanoticias.com\/index.php\/wp-json\/wp\/v2\/users\/1"}],"replies":[{"embeddable":true,"href":"https:\/\/neanoticias.com\/index.php\/wp-json\/wp\/v2\/comments?post=814"}],"version-history":[{"count":2,"href":"https:\/\/neanoticias.com\/index.php\/wp-json\/wp\/v2\/posts\/814\/revisions"}],"predecessor-version":[{"id":817,"href":"https:\/\/neanoticias.com\/index.php\/wp-json\/wp\/v2\/posts\/814\/revisions\/817"}],"wp:attachment":[{"href":"https:\/\/neanoticias.com\/index.php\/wp-json\/wp\/v2\/media?parent=814"}],"wp:term":[{"taxonomy":"category","embeddable":true,"href":"https:\/\/neanoticias.com\/index.php\/wp-json\/wp\/v2\/categories?post=814"},{"taxonomy":"post_tag","embeddable":true,"href":"https:\/\/neanoticias.com\/index.php\/wp-json\/wp\/v2\/tags?post=814"}],"curies":[{"name":"wp","href":"https:\/\/api.w.org\/{rel}","templated":true}]}}