{"id":796,"date":"2023-05-19T14:04:57","date_gmt":"2023-05-19T14:04:57","guid":{"rendered":"https:\/\/neanoticias.com\/?p=796"},"modified":"2023-05-19T14:04:58","modified_gmt":"2023-05-19T14:04:58","slug":"capital-violentos-choques-dejaron-varios-heridos-de-consideracion","status":"publish","type":"post","link":"https:\/\/neanoticias.com\/index.php\/2023\/05\/19\/capital-violentos-choques-dejaron-varios-heridos-de-consideracion\/","title":{"rendered":"CAPITAL: VIOLENTOS CHOQUES DEJARON VARIOS HERIDOS DE CONSIDERACI\u00d3N"},"content":{"rendered":"\n<p>Los accidentes se registraron en horas de la ma\u00f1ana de ayer. Algunos conductores fueron hospitalizados.<\/p>\n\n\n\n<figure class=\"wp-block-image size-full\"><img loading=\"lazy\" width=\"762\" height=\"453\" src=\"https:\/\/neanoticias.com\/wp-content\/uploads\/2023\/05\/1295552w762h453c.jpg.webp\" alt=\"\" class=\"wp-image-797\" srcset=\"https:\/\/neanoticias.com\/wp-content\/uploads\/2023\/05\/1295552w762h453c.jpg.webp 762w, https:\/\/neanoticias.com\/wp-content\/uploads\/2023\/05\/1295552w762h453c.jpg-300x178.webp 300w\" sizes=\"(max-width: 762px) 100vw, 762px\" \/><\/figure>\n\n\n\n<p>Un violento choque entre dos veh\u00edculos se registr\u00f3 minutos despu\u00e9s de las 8, en el cruce de las avenidas Chacabuco e Independencia de la capital provincial. Ambos veh\u00edculos quedaron con su parte delantera destrozada. Los ocupantes resultaron heridos.<\/p>\n\n\n\n<p>Una mala maniobra en medio del cambio de turno del sem\u00e1foro provoc\u00f3 el choque de un Peugeot 207 y una camioneta Isuzu, en la cual trasladaban verduras.<\/p>\n\n\n\n<p>Seg\u00fan los primeros datos recabados por la Fuerza policial, uno de los veh\u00edculos involucrados cruz\u00f3 tras el cambio de sem\u00e1foro.<\/p>\n\n\n\n<p>La conductora, quien trasladaba verduras para su comercializaci\u00f3n, cont\u00f3 a diario \u00e9poca que al darle el cambio de sem\u00e1foro, en amarillo, cruz\u00f3 la arteria y fue cuando sinti\u00f3 el fuerte impacto de un costado, &#8220;evidentemente, el otro se\u00f1or cruz\u00f3 en rojo&#8221;, dijo la mujer.<\/p>\n\n\n\n<p>&#8220;Ven\u00eda del mercado a hacer mis repartos&#8221;, explic\u00f3 la conductora, quien agreg\u00f3 que su acompa\u00f1ante, un hombre mayor de edad debi\u00f3 ser asistido por el 107 tras el fuerte impacto.<\/p>\n\n\n\n<p>El tr\u00e1nsito se vio interrumpido unas horas y a la espera de los peritos para los tr\u00e1mites correspondientes.<\/p>\n\n\n\n<h2>Cayeron de la moto<\/h2>\n\n\n\n<p>Por otra parte, en avenida Gobernador Ruiz, pr\u00f3xima a su cruce con calle Santiago del Estero de esta ciudad, un autom\u00f3vil toc\u00f3 a una moto que a su vez roz\u00f3 a otra, por lo que ambos conductores cayeron a la cinta asf\u00e1ltica. El conductor del auto se fug\u00f3 tras el hecho, quedando los motociclistas con severas lesiones.<\/p>\n\n\n\n<p>Momentos despu\u00e9s, lleg\u00f3 al lugar quien guiaba el autom\u00f3vil y dijo a los efectivos que asist\u00edan en el siniestro que &#8220;no par\u00f3 en su momento, porque llevaba a sus hijos a la escuela&#8221;.<\/p>\n\n\n\n<p>Tambi\u00e9n en la rotonda Poncho Verde y calle Pamp\u00edn, una mujer cay\u00f3 de su moto y result\u00f3 con severas lesiones en su pierna izquierda.<\/p>\n","protected":false},"excerpt":{"rendered":"<p>Los accidentes se registraron en horas de la ma\u00f1ana de ayer. Algunos conductores fueron hospitalizados&#8230;.<\/p>\n","protected":false},"author":1,"featured_media":797,"comment_status":"open","ping_status":"open","sticky":false,"template":"","format":"standard","meta":[],"categories":[1],"tags":[],"_links":{"self":[{"href":"https:\/\/neanoticias.com\/index.php\/wp-json\/wp\/v2\/posts\/796"}],"collection":[{"href":"https:\/\/neanoticias.com\/index.php\/wp-json\/wp\/v2\/posts"}],"about":[{"href":"https:\/\/neanoticias.com\/index.php\/wp-json\/wp\/v2\/types\/post"}],"author":[{"embeddable":true,"href":"https:\/\/neanoticias.com\/index.php\/wp-json\/wp\/v2\/users\/1"}],"replies":[{"embeddable":true,"href":"https:\/\/neanoticias.com\/index.php\/wp-json\/wp\/v2\/comments?post=796"}],"version-history":[{"count":1,"href":"https:\/\/neanoticias.com\/index.php\/wp-json\/wp\/v2\/posts\/796\/revisions"}],"predecessor-version":[{"id":798,"href":"https:\/\/neanoticias.com\/index.php\/wp-json\/wp\/v2\/posts\/796\/revisions\/798"}],"wp:featuredmedia":[{"embeddable":true,"href":"https:\/\/neanoticias.com\/index.php\/wp-json\/wp\/v2\/media\/797"}],"wp:attachment":[{"href":"https:\/\/neanoticias.com\/index.php\/wp-json\/wp\/v2\/media?parent=796"}],"wp:term":[{"taxonomy":"category","embeddable":true,"href":"https:\/\/neanoticias.com\/index.php\/wp-json\/wp\/v2\/categories?post=796"},{"taxonomy":"post_tag","embeddable":true,"href":"https:\/\/neanoticias.com\/index.php\/wp-json\/wp\/v2\/tags?post=796"}],"curies":[{"name":"wp","href":"https:\/\/api.w.org\/{rel}","templated":true}]}}