{"id":793,"date":"2023-05-19T14:03:56","date_gmt":"2023-05-19T14:03:56","guid":{"rendered":"https:\/\/neanoticias.com\/?p=793"},"modified":"2023-05-19T14:03:58","modified_gmt":"2023-05-19T14:03:58","slug":"arrojo-mochilas-con-objetos-robados","status":"publish","type":"post","link":"https:\/\/neanoticias.com\/index.php\/2023\/05\/19\/arrojo-mochilas-con-objetos-robados\/","title":{"rendered":"ARROJ\u00d3 MOCHILAS CON OBJETOS ROBADOS"},"content":{"rendered":"\n<p>En uno de los bolsos cargaba una bater\u00eda. Tras observar unas c\u00e1maras de seguridad, identificaron al delincuente. Hubo otro detenido en persecuci\u00f3n.<\/p>\n\n\n\n<figure class=\"wp-block-image size-full\"><img loading=\"lazy\" width=\"762\" height=\"488\" src=\"https:\/\/neanoticias.com\/wp-content\/uploads\/2023\/05\/1295555w762h488c.jpg.webp\" alt=\"\" class=\"wp-image-794\" srcset=\"https:\/\/neanoticias.com\/wp-content\/uploads\/2023\/05\/1295555w762h488c.jpg.webp 762w, https:\/\/neanoticias.com\/wp-content\/uploads\/2023\/05\/1295555w762h488c.jpg-300x192.webp 300w\" sizes=\"(max-width: 762px) 100vw, 762px\" \/><\/figure>\n\n\n\n<p>Fue cerca de las 4:30, cuando efectivos de guardia de la comisar\u00eda Primera de la localidad de Paso de los Libres observaron a un hombre que llevaba dos bolsos. Al ver a los efectivos, los arroj\u00f3 y emprendi\u00f3 su fuga a pie. Horas despu\u00e9s, fue capturado, tras el an\u00e1lisis de las filmaciones en c\u00e1maras de seguridad de la zona. Tambi\u00e9n se supo de la captura de un delincuente que ingres\u00f3 a robar en una escuela.<\/p>\n\n\n\n<p>En zona del barrio Terminal de la ciudad libre\u00f1a, la Polic\u00eda observ\u00f3 a un hombre que transitaba en horas de la madrugada con dos mochilas y al intentar ser identificado escap\u00f3, pero antes arroj\u00f3 los bultos.<\/p>\n\n\n\n<p>Los efectivos concretaron una persecuci\u00f3n que finaliz\u00f3 momentos despu\u00e9s con su captura.<\/p>\n\n\n\n<p>Secuestraron las mochilas abandonadas, en las que encontrando en una de ellas una bater\u00eda de un autom\u00f3vil, mientras que en la segunda, cuchillos y documentaciones varias a nombre de PRA.<\/p>\n\n\n\n<p>Horas despu\u00e9s, quien fue v\u00edctima del robo denunci\u00f3 el hecho ante la comisar\u00eda y se confirm\u00f3 que fueron los elementos secuestrados.<\/p>\n\n\n\n<p>Ante investigaciones del caso, se analizaron filmaciones de c\u00e1maras de seguridad de la zona, con las que se logr\u00f3 identificar al presunto autor.<\/p>\n\n\n\n<p>Se trat\u00f3 del mismo que pudieron demorar momento despu\u00e9s, tras rastrillajes en las inmediaciones.<\/p>\n\n\n\n<p>Intervino en el caso la fiscal en turno. En tanto, en la comisar\u00eda Primera, realizaron las actuaciones correspondientes.<\/p>\n\n\n\n<h2>Robo en una escuela<\/h2>\n\n\n\n<p>Por otra parte, se inform\u00f3 de la sustracci\u00f3n de varios objetos del interior de un establecimiento educativo tambi\u00e9n en la localidad de Paso de los Libres. Se trat\u00f3 de un hecho delictivo ocurrido en la escuela N\u00b0227, &#8220;Coronel Sime\u00f3n Payba&#8221;, ubicada en la zona urbana de la ciudad.<\/p>\n\n\n\n<p>Efectivos de la comisar\u00eda Segunda, tras ser informados del hecho, iniciaron tareas de rastrillaje y localizaci\u00f3n de los presuntos autores. Fue as\u00ed que lograron identificar al presunto autor, quien ten\u00eda en su poder gran parte de los elementos robados.<\/p>\n\n\n\n<p>El hombre mayor de edad qued\u00f3 demorado.<\/p>\n\n\n\n<p>Luego, con datos aportados por el mismo delincuente, la Polic\u00eda encontr\u00f3 otros elementos, los cuales dej\u00f3 ocultos en el interior de una construcci\u00f3n abandonada a pocas cuadras del establecimiento educativo.<\/p>\n\n\n\n<p>&#8220;Al parecer, actu\u00f3 solo, y para cometer el delito violent\u00f3 una ventana de la escuela para ingresar al edificio&#8221;, dijo una fuente oficial.<\/p>\n\n\n\n<p>Los objetos secuestrados y el hombre detenido fueron traslados a la comisar\u00eda, en la que qued\u00f3 a disposici\u00f3n de la Justicia interviniente. Se inici\u00f3 una causa por el hecho.<\/p>\n","protected":false},"excerpt":{"rendered":"<p>En uno de los bolsos cargaba una bater\u00eda. Tras observar unas c\u00e1maras de seguridad, identificaron&#8230;<\/p>\n","protected":false},"author":1,"featured_media":794,"comment_status":"open","ping_status":"open","sticky":false,"template":"","format":"standard","meta":[],"categories":[1],"tags":[],"_links":{"self":[{"href":"https:\/\/neanoticias.com\/index.php\/wp-json\/wp\/v2\/posts\/793"}],"collection":[{"href":"https:\/\/neanoticias.com\/index.php\/wp-json\/wp\/v2\/posts"}],"about":[{"href":"https:\/\/neanoticias.com\/index.php\/wp-json\/wp\/v2\/types\/post"}],"author":[{"embeddable":true,"href":"https:\/\/neanoticias.com\/index.php\/wp-json\/wp\/v2\/users\/1"}],"replies":[{"embeddable":true,"href":"https:\/\/neanoticias.com\/index.php\/wp-json\/wp\/v2\/comments?post=793"}],"version-history":[{"count":1,"href":"https:\/\/neanoticias.com\/index.php\/wp-json\/wp\/v2\/posts\/793\/revisions"}],"predecessor-version":[{"id":795,"href":"https:\/\/neanoticias.com\/index.php\/wp-json\/wp\/v2\/posts\/793\/revisions\/795"}],"wp:featuredmedia":[{"embeddable":true,"href":"https:\/\/neanoticias.com\/index.php\/wp-json\/wp\/v2\/media\/794"}],"wp:attachment":[{"href":"https:\/\/neanoticias.com\/index.php\/wp-json\/wp\/v2\/media?parent=793"}],"wp:term":[{"taxonomy":"category","embeddable":true,"href":"https:\/\/neanoticias.com\/index.php\/wp-json\/wp\/v2\/categories?post=793"},{"taxonomy":"post_tag","embeddable":true,"href":"https:\/\/neanoticias.com\/index.php\/wp-json\/wp\/v2\/tags?post=793"}],"curies":[{"name":"wp","href":"https:\/\/api.w.org\/{rel}","templated":true}]}}