{"id":79,"date":"2022-08-26T14:00:16","date_gmt":"2022-08-26T14:00:16","guid":{"rendered":"https:\/\/neanoticias.com\/?p=79"},"modified":"2022-08-26T14:00:17","modified_gmt":"2022-08-26T14:00:17","slug":"intento-robar-en-una-casa-y-quedo-enganchado-por-el-porton","status":"publish","type":"post","link":"https:\/\/neanoticias.com\/index.php\/2022\/08\/26\/intento-robar-en-una-casa-y-quedo-enganchado-por-el-porton\/","title":{"rendered":"INTENT\u00d3 ROBAR EN UNA CASA Y QUED\u00d3 ENGANCHADO POR EL PORT\u00d3N"},"content":{"rendered":"\n<p>El hecho se registr\u00f3 en la noche del jueves en el barrio La Olla. El delincuente fue atrapado con las manos en la masa\u00a0 al intentar salir de una vivienda con neum\u00e1ticos. No pudo darse a la fuga tras quedar atrapado contra el port\u00f3n de la casa. Fue detenido.\u00a0<\/p>\n\n\n\n<p><\/p>\n\n\n\n<figure class=\"wp-block-image size-full\"><img loading=\"lazy\" width=\"700\" height=\"473\" src=\"https:\/\/neanoticias.com\/wp-content\/uploads\/2022\/08\/608717.jpg_nota.jpg\" alt=\"\" class=\"wp-image-80\" srcset=\"https:\/\/neanoticias.com\/wp-content\/uploads\/2022\/08\/608717.jpg_nota.jpg 700w, https:\/\/neanoticias.com\/wp-content\/uploads\/2022\/08\/608717.jpg_nota-300x203.jpg 300w\" sizes=\"(max-width: 700px) 100vw, 700px\" \/><\/figure>\n\n\n\n<p>El hecho se dio en la noche del jueves en el conocido barrio La Olla, de la Ciudad de Corrientes.<\/p>\n\n\n\n<p>Personal del grupo GRIM, en medio de recorridas de rutina, fueron alertados por un llamado al sistema 911 sobre un intento de robo y una situaci\u00f3n particular: el delincuente hab\u00eda quedado atrapado entre las rejas de la casa violentada.<\/p>\n\n\n\n<p><\/p>\n\n\n\n<figure class=\"wp-block-image size-full\"><img loading=\"lazy\" width=\"700\" height=\"464\" src=\"https:\/\/neanoticias.com\/wp-content\/uploads\/2022\/08\/694187.jpg_nota.jpg\" alt=\"\" class=\"wp-image-81\" srcset=\"https:\/\/neanoticias.com\/wp-content\/uploads\/2022\/08\/694187.jpg_nota.jpg 700w, https:\/\/neanoticias.com\/wp-content\/uploads\/2022\/08\/694187.jpg_nota-300x199.jpg 300w\" sizes=\"(max-width: 700px) 100vw, 700px\" \/><\/figure>\n\n\n\n<p>El ladr\u00f3n estaba colgado del port\u00f3n sin poder salir. Se trata de un delincuente de 29 a\u00f1os que ten\u00eda en su poder una rueda de autom\u00f3vil completa (llanta y neum\u00e1tico).<\/p>\n\n\n\n<p>El demorado fue trasladado a la Comisar\u00eda 21 , donde se siguencon los tr\u00e1mites del caso.<\/p>\n\n\n\n<p><\/p>\n","protected":false},"excerpt":{"rendered":"<p>El hecho se registr\u00f3 en la noche del jueves en el barrio La Olla. El&#8230;<\/p>\n","protected":false},"author":1,"featured_media":80,"comment_status":"open","ping_status":"open","sticky":false,"template":"","format":"standard","meta":[],"categories":[1],"tags":[],"_links":{"self":[{"href":"https:\/\/neanoticias.com\/index.php\/wp-json\/wp\/v2\/posts\/79"}],"collection":[{"href":"https:\/\/neanoticias.com\/index.php\/wp-json\/wp\/v2\/posts"}],"about":[{"href":"https:\/\/neanoticias.com\/index.php\/wp-json\/wp\/v2\/types\/post"}],"author":[{"embeddable":true,"href":"https:\/\/neanoticias.com\/index.php\/wp-json\/wp\/v2\/users\/1"}],"replies":[{"embeddable":true,"href":"https:\/\/neanoticias.com\/index.php\/wp-json\/wp\/v2\/comments?post=79"}],"version-history":[{"count":1,"href":"https:\/\/neanoticias.com\/index.php\/wp-json\/wp\/v2\/posts\/79\/revisions"}],"predecessor-version":[{"id":82,"href":"https:\/\/neanoticias.com\/index.php\/wp-json\/wp\/v2\/posts\/79\/revisions\/82"}],"wp:featuredmedia":[{"embeddable":true,"href":"https:\/\/neanoticias.com\/index.php\/wp-json\/wp\/v2\/media\/80"}],"wp:attachment":[{"href":"https:\/\/neanoticias.com\/index.php\/wp-json\/wp\/v2\/media?parent=79"}],"wp:term":[{"taxonomy":"category","embeddable":true,"href":"https:\/\/neanoticias.com\/index.php\/wp-json\/wp\/v2\/categories?post=79"},{"taxonomy":"post_tag","embeddable":true,"href":"https:\/\/neanoticias.com\/index.php\/wp-json\/wp\/v2\/tags?post=79"}],"curies":[{"name":"wp","href":"https:\/\/api.w.org\/{rel}","templated":true}]}}