{"id":787,"date":"2023-05-19T13:54:04","date_gmt":"2023-05-19T13:54:04","guid":{"rendered":"https:\/\/neanoticias.com\/?p=787"},"modified":"2023-05-19T13:54:04","modified_gmt":"2023-05-19T13:54:04","slug":"desperfecto-mecanico-causo-choque","status":"publish","type":"post","link":"https:\/\/neanoticias.com\/index.php\/2023\/05\/19\/desperfecto-mecanico-causo-choque\/","title":{"rendered":"DESPERFECTO MEC\u00c1NICO CAUS\u00d3 CHOQUE"},"content":{"rendered":"\n<p>En la noche del martes, personal policial de la comisar\u00eda de El Sombrero fue alertada de un siniestro vial sobre Ruta Nacional N\u00b012, en el cual se vieron implicados una camioneta y un cami\u00f3n.<\/p>\n\n\n\n<figure class=\"wp-block-image size-full\"><img loading=\"lazy\" width=\"800\" height=\"450\" src=\"https:\/\/neanoticias.com\/wp-content\/uploads\/2023\/05\/1295557.jpg\" alt=\"\" class=\"wp-image-788\" srcset=\"https:\/\/neanoticias.com\/wp-content\/uploads\/2023\/05\/1295557.jpg 800w, https:\/\/neanoticias.com\/wp-content\/uploads\/2023\/05\/1295557-300x169.jpg 300w, https:\/\/neanoticias.com\/wp-content\/uploads\/2023\/05\/1295557-768x432.jpg 768w\" sizes=\"(max-width: 800px) 100vw, 800px\" \/><\/figure>\n\n\n\n<p>Al llegar al lugar, en el kil\u00f3metro 998, los efectivos encontraron sobre la banquina a un hombre, quien estaba en el interior de un Renault Kangoo, atrapado en el habit\u00e1culo, por lo que se requiri\u00f3 de la presencia de Bomberos Voluntarios de Empedrado.<\/p>\n\n\n\n<p>Tras su rescate, el hombre mayor de edad fue hospitalizado.<\/p>\n\n\n\n<p>En tanto, el otro veh\u00edculo protagonista fue un cami\u00f3n Iveco, cuyo conductor dijo a los efectivos que sufri\u00f3 un desperfecto mec\u00e1nico, lo que lo llev\u00f3 a realizar una maniobra que termin\u00f3 impactando contra el otro rodado. Afortunadamente y a pesar del espectacular impacto, ninguno de los ocupantes corre riesgo de vida, informaron en un comunicado oficial.<\/p>\n","protected":false},"excerpt":{"rendered":"<p>En la noche del martes, personal policial de la comisar\u00eda de El Sombrero fue alertada&#8230;<\/p>\n","protected":false},"author":1,"featured_media":788,"comment_status":"open","ping_status":"open","sticky":false,"template":"","format":"standard","meta":[],"categories":[1],"tags":[],"_links":{"self":[{"href":"https:\/\/neanoticias.com\/index.php\/wp-json\/wp\/v2\/posts\/787"}],"collection":[{"href":"https:\/\/neanoticias.com\/index.php\/wp-json\/wp\/v2\/posts"}],"about":[{"href":"https:\/\/neanoticias.com\/index.php\/wp-json\/wp\/v2\/types\/post"}],"author":[{"embeddable":true,"href":"https:\/\/neanoticias.com\/index.php\/wp-json\/wp\/v2\/users\/1"}],"replies":[{"embeddable":true,"href":"https:\/\/neanoticias.com\/index.php\/wp-json\/wp\/v2\/comments?post=787"}],"version-history":[{"count":1,"href":"https:\/\/neanoticias.com\/index.php\/wp-json\/wp\/v2\/posts\/787\/revisions"}],"predecessor-version":[{"id":789,"href":"https:\/\/neanoticias.com\/index.php\/wp-json\/wp\/v2\/posts\/787\/revisions\/789"}],"wp:featuredmedia":[{"embeddable":true,"href":"https:\/\/neanoticias.com\/index.php\/wp-json\/wp\/v2\/media\/788"}],"wp:attachment":[{"href":"https:\/\/neanoticias.com\/index.php\/wp-json\/wp\/v2\/media?parent=787"}],"wp:term":[{"taxonomy":"category","embeddable":true,"href":"https:\/\/neanoticias.com\/index.php\/wp-json\/wp\/v2\/categories?post=787"},{"taxonomy":"post_tag","embeddable":true,"href":"https:\/\/neanoticias.com\/index.php\/wp-json\/wp\/v2\/tags?post=787"}],"curies":[{"name":"wp","href":"https:\/\/api.w.org\/{rel}","templated":true}]}}