{"id":766,"date":"2023-04-28T12:05:00","date_gmt":"2023-04-28T12:05:00","guid":{"rendered":"https:\/\/neanoticias.com\/?p=766"},"modified":"2023-05-04T12:08:12","modified_gmt":"2023-05-04T12:08:12","slug":"gustavo-valdes-recibio-a-rodriguez-larreta-en-goya","status":"publish","type":"post","link":"https:\/\/neanoticias.com\/index.php\/2023\/04\/28\/gustavo-valdes-recibio-a-rodriguez-larreta-en-goya\/","title":{"rendered":"GUSTAVO VALD\u00c9S RECIBI\u00d3 A RODR\u00cdGUEZ LARRETA EN GOYA"},"content":{"rendered":"\n<figure class=\"wp-block-image size-full\"><img loading=\"lazy\" width=\"770\" height=\"598\" src=\"https:\/\/neanoticias.com\/wp-content\/uploads\/2023\/05\/image.png\" alt=\"\" class=\"wp-image-764\" srcset=\"https:\/\/neanoticias.com\/wp-content\/uploads\/2023\/05\/image.png 770w, https:\/\/neanoticias.com\/wp-content\/uploads\/2023\/05\/image-300x233.png 300w, https:\/\/neanoticias.com\/wp-content\/uploads\/2023\/05\/image-768x596.png 768w\" sizes=\"(max-width: 770px) 100vw, 770px\" \/><\/figure>\n\n\n\n<p>&#8220;\u00a1Bienvenido a #Goya, @horaciorlarreta!&#8221;, escribi\u00f3 el gobernador Gustavo Vald\u00e9s a trav\u00e9s de sus redes sociales este viernes por la noche.<\/p>\n\n\n\n<p>El Jefe de Gobierno porte\u00f1o lleg\u00f3 a la provincia para reunirse con el gobernador Vald\u00e9s, tal como el mandatario lo hab\u00eda confirmado a Radio LT7 este jueves.<\/p>\n\n\n\n<p>Durante el recorrido por Goya, ambos destacaron el potencial tur\u00edstico de la provincia de Corrientes y el alcalde porte\u00f1o prometi\u00f3 obras y vuelos internacionales, si es el pr\u00f3ximo Presidente de la Naci\u00f3n, para que los atractivos correntinos tengan m\u00e1s impulso. Y entre estos compromisos, garantiz\u00f3 las defensas costeras de Goya.<\/p>\n\n\n\n<p>Pasadas las 21 de este viernes llegaron Vald\u00e9s y Rodr\u00edguez Larreta al Predio Costa Surub\u00ed para recorrer los distintos stand del lugar y luego presenciar los n\u00fameros musicales programados para esta noche.<\/p>\n\n\n\n<p>Antes, ambos recorrieron en una embarcaci\u00f3n las aguas de la costa goyana para apreciar el lugar de la competencia pesquera y analizar la zona que recientemente se derrumb\u00f3 y comenz\u00f3 a recuperarse desde el Gobierno provincial.<\/p>\n\n\n\n<figure class=\"wp-block-image\"><img src=\"https:\/\/www.lt7noticias.com\/content\/bucket\/2\/46162w770h513c.jpg.webp\" alt=\"\"\/><\/figure>\n\n\n\n<p><br>Sobre ellos se refirieron ambos mandatarios ni bien llegaron al predio Costa Surub\u00ed, d\u00f3nde fueron recibidos por el intendente y anfitri\u00f3n, Mariano Hormaechea.<\/p>\n\n\n\n<p>As\u00ed fue que ante la prensa, Rodr\u00edguez Larreta dijo que &#8220;estaba cumpliendo su promesa de asistir a la Fiesta y que Vald\u00e9s lo puso al tanto de todo lo que significa el evento en lo deportivo y cultural. &#8220;Cuando la gente me elija presidente vamos a lanzar obras para Goya y todo Corrientes&#8221;, agreg\u00f3. entre esas obras, incluy\u00f3 las defensas costeras de Goya.<\/p>\n\n\n\n<figure class=\"wp-block-image\"><img src=\"https:\/\/www.lt7noticias.com\/content\/bucket\/3\/46163w380h253c.jpg.webp\" alt=\"\"\/><\/figure>\n\n\n\n<p><br>Consultado sobre c\u00f3mo se puede potenciar el evento para que Goya sea uno de los principales atractivos tur\u00edsticos del pa\u00eds, el jefe de Gobierno porte\u00f1o habl\u00f3 sobre la necesidad de generar m\u00e1s conectividad y &#8220;m\u00e1s vuelos internacionales que lleguen directamente a Corrientes&#8221;, porque &#8220;en la provincia tienen los mejores atractivos tur\u00edsticos, como los Esteros del Iber\u00e1 que ya recorr\u00ed varias veces&#8221;.<\/p>\n\n\n\n<p>Adem\u00e1s, Rodr\u00edguez Larreta declar\u00f3 que, de convertirse en presidente, se lleva de Corrientes &#8220;el ejemplo de un gobierno como el de Vald\u00e9s, que tiene las cuentas en orden, que hizo muchas obras y muy eficientes&#8221; y que &#8220;hay mucho para aprender mutuamente&#8221;.<\/p>\n\n\n\n<p><br>&#8220;Hoy vinimos con Horacio y estuvimos viendo el trabajo que estamos haciendo conjuntamente con Mariano y la Provincia, como las defensas costera de Goya, y tambi\u00e9n pudimos hablar un poco recorriendo el r\u00edo&#8221;, coment\u00f3 por su parte el gobernador Vald\u00e9s.<\/p>\n\n\n\n<p>El intendente goyano, Mariano Hormaechea inform\u00f3 a su vez que la Fiesta del Surub\u00ed tiene 1154 embarcaciones inscriptas que largar\u00e1n ma\u00f1ana. &#8220;Es un r\u00e9cord, as\u00ed que estamos muy contentos y hay una gran expectativa&#8221;<\/p>\n","protected":false},"excerpt":{"rendered":"<p>&#8220;\u00a1Bienvenido a #Goya, @horaciorlarreta!&#8221;, escribi\u00f3 el gobernador Gustavo Vald\u00e9s a trav\u00e9s de sus redes sociales&#8230;<\/p>\n","protected":false},"author":1,"featured_media":0,"comment_status":"open","ping_status":"open","sticky":false,"template":"","format":"standard","meta":[],"categories":[1],"tags":[],"_links":{"self":[{"href":"https:\/\/neanoticias.com\/index.php\/wp-json\/wp\/v2\/posts\/766"}],"collection":[{"href":"https:\/\/neanoticias.com\/index.php\/wp-json\/wp\/v2\/posts"}],"about":[{"href":"https:\/\/neanoticias.com\/index.php\/wp-json\/wp\/v2\/types\/post"}],"author":[{"embeddable":true,"href":"https:\/\/neanoticias.com\/index.php\/wp-json\/wp\/v2\/users\/1"}],"replies":[{"embeddable":true,"href":"https:\/\/neanoticias.com\/index.php\/wp-json\/wp\/v2\/comments?post=766"}],"version-history":[{"count":2,"href":"https:\/\/neanoticias.com\/index.php\/wp-json\/wp\/v2\/posts\/766\/revisions"}],"predecessor-version":[{"id":768,"href":"https:\/\/neanoticias.com\/index.php\/wp-json\/wp\/v2\/posts\/766\/revisions\/768"}],"wp:attachment":[{"href":"https:\/\/neanoticias.com\/index.php\/wp-json\/wp\/v2\/media?parent=766"}],"wp:term":[{"taxonomy":"category","embeddable":true,"href":"https:\/\/neanoticias.com\/index.php\/wp-json\/wp\/v2\/categories?post=766"},{"taxonomy":"post_tag","embeddable":true,"href":"https:\/\/neanoticias.com\/index.php\/wp-json\/wp\/v2\/tags?post=766"}],"curies":[{"name":"wp","href":"https:\/\/api.w.org\/{rel}","templated":true}]}}