{"id":759,"date":"2023-04-28T14:26:28","date_gmt":"2023-04-28T14:26:28","guid":{"rendered":"https:\/\/neanoticias.com\/?p=759"},"modified":"2023-04-28T14:26:30","modified_gmt":"2023-04-28T14:26:30","slug":"tassano-habilito-la-expo-terere-una-colorida-muestra-de-artistas-visuales-en-la-sala-adolfo-mors","status":"publish","type":"post","link":"https:\/\/neanoticias.com\/index.php\/2023\/04\/28\/tassano-habilito-la-expo-terere-una-colorida-muestra-de-artistas-visuales-en-la-sala-adolfo-mors\/","title":{"rendered":"TASSANO HABILIT\u00d3 LA EXPO TERER\u00c9, UNA COLORIDA MUESTRA DE ARTISTAS VISUALES EN LA SALA ADOLFO MORS"},"content":{"rendered":"\n<p><em>El intendente encabez\u00f3 el acto inaugural de la exposici\u00f3n que cuenta con la participaci\u00f3n de una veintena de artistas de Corrientes y Chaco. Presentan dibujo, ilustraci\u00f3n, tatuaje, muralismo, bordado, pintura, afichismo y dise\u00f1o. Estar\u00e1 habilitada en el centro cultural del parque Camb\u00e1 Cu\u00e1 hasta el 3 de mayo.<\/em><\/p>\n\n\n\n<figure class=\"wp-block-image size-large\"><img loading=\"lazy\" width=\"1024\" height=\"683\" src=\"https:\/\/neanoticias.com\/wp-content\/uploads\/2023\/04\/d920e884-1c38-b409-1849-d880b28aa208-1024x683.jpg\" alt=\"\" class=\"wp-image-761\" srcset=\"https:\/\/neanoticias.com\/wp-content\/uploads\/2023\/04\/d920e884-1c38-b409-1849-d880b28aa208-1024x683.jpg 1024w, https:\/\/neanoticias.com\/wp-content\/uploads\/2023\/04\/d920e884-1c38-b409-1849-d880b28aa208-300x200.jpg 300w, https:\/\/neanoticias.com\/wp-content\/uploads\/2023\/04\/d920e884-1c38-b409-1849-d880b28aa208-768x512.jpg 768w, https:\/\/neanoticias.com\/wp-content\/uploads\/2023\/04\/d920e884-1c38-b409-1849-d880b28aa208-1536x1024.jpg 1536w, https:\/\/neanoticias.com\/wp-content\/uploads\/2023\/04\/d920e884-1c38-b409-1849-d880b28aa208-2048x1365.jpg 2048w\" sizes=\"(max-width: 1024px) 100vw, 1024px\" \/><\/figure>\n\n\n\n<p>En el marco de las actividades por el Mes de Corrientes, que se inici\u00f3 el 3 de abril en el aniversario de fundaci\u00f3n de la ciudad, el intendente Eduardo Tassano habilit\u00f3 este jueves por la noche la Expo Terer\u00e9, una muestra colectiva de artistas visuales de Chaco y Corrientes.<br>En esta segunda edici\u00f3n de la exposici\u00f3n participan 19 artistas que se expresan a trav\u00e9s del dibujo, la ilustraci\u00f3n, tatuaje, muralismo, bordado, pintura, afichismo y dise\u00f1o.<\/p>\n\n\n\n<figure class=\"wp-block-embed is-type-video is-provider-youtube wp-block-embed-youtube wp-embed-aspect-16-9 wp-has-aspect-ratio\"><div class=\"wp-block-embed__wrapper\">\n<iframe loading=\"lazy\" title=\"Tassano habilit\u00f3 la Expo Terer\u00e9, una colorida muestra de artistas visuales\" width=\"640\" height=\"360\" src=\"https:\/\/www.youtube.com\/embed\/5DMKE32x-DI?feature=oembed\" frameborder=\"0\" allow=\"accelerometer; autoplay; clipboard-write; encrypted-media; gyroscope; picture-in-picture; web-share\" allowfullscreen><\/iframe>\n<\/div><\/figure>\n\n\n\n<p>Ellos son: JPGena, Enzodromo, Xanexpedito, Ail\u00e9n Chaco, Solange Oleszek, Pank, Dani\u00f1a, Arte Estoy, Checo Almanza, Cristaldo Estefan\u00eda, Desertor.1, Jos\u00e9 M. Mazzanti, Yur\u00fa Chupita, Creminoss, Libre Bordados, Sapphic Witchy, Krammpus, Agos Morello y Cristian Badar\u00f3.<br>\u201cTerer\u00e9\u201d se desarrollar\u00e1 en el centro cultural Adolfo Mors, ubicado en el parque Camba Cu\u00e1 (Pellegrini 542) hasta el pr\u00f3ximo 3 de mayo y se puede acceder con entrada libre y gratuita.<br>\u00a0<br>JORNADA DE INAUGURACI\u00d3N<br>Con masiva concurrencia de p\u00fablico se llev\u00f3 a cabo el acto inaugural, el cual tambi\u00e9n cont\u00f3 con la participaci\u00f3n del secretario de Cultura y Educaci\u00f3n municipal, Jos\u00e9 Sand; el subsecretario de Desarrollo y Producci\u00f3n Cultural, Federico Maceri, dem\u00e1s funcionarios municipales, artistas e invitados especiales.<br>Esta muestra fue organizada por el dise\u00f1ador y gestor cultural\u00a0<em>Ninio Grulla<\/em>\u00a0(Alejandro Joaqu\u00edn Vallejos) y en la inauguraci\u00f3n se cont\u00f3 con la presencia de\u00a0<em>Mari<\/em>\u00a0Pozzer, musicalizando la jornada.<br>\u00a0<br>APOYO A TODAS LA EXPRESIONES ART\u00cdSTICAS<br>En la ocasi\u00f3n, Tassano destac\u00f3 la participaci\u00f3n de los j\u00f3venes artistas \u201cen una muestra muy moderna, con tem\u00e1tica in\u00e9dita y que tambi\u00e9n es parte de nuestro programa por el Mes de Corrientes\u201d, indic\u00f3.<br>En este marco, el intendente agreg\u00f3 que \u201cno s\u00f3lo incluimos y queremos llegar a la mayor\u00eda de los barrios, sino a las diferentes expresiones art\u00edsticas y a los j\u00f3venes, que est\u00e1n disfrutando de esta muestra\u201d.<br>Al respecto, asever\u00f3: \u201cEstamos decididos a abordar todos los espacios culturales, porque Corrientes es una ciudad muy rica en cultura y tenemos artistas de distintas especialidades. Seguiremos impulsando firmemente todas estas expresiones del arte local\u201d.<br>\u00a0<br>EL MES DE CORRIENTES, UN MES DE ARTE<br>Por su parte, el secretario de Cultura y Educaci\u00f3n dio relevancia a la nutrida agenda en el marco del Mes de Corrientes y, en particular, a la generaci\u00f3n de espacios para artistas locales y de la regi\u00f3n.<br>\u201cLa Expo Terer\u00e9 es una propuesta \u00fanica, con mucho colorido, para que los vecinos se acerquen, disfruten y conozcan un poco m\u00e1s de los grandes artistas correntinos y chaque\u00f1os que dan forma a esta exposici\u00f3n\u201d, indic\u00f3 Sand.<br>A su turno, el subsecretario de Desarrollo y Producci\u00f3n Cultural municipal se refiri\u00f3 al protagonismo del arte y la cultura durante el Mes de Corrientes, principalmente para el \u201carte no tradicional\u201d.<br>Maceri consign\u00f3 que \u201cla premisa con esta muestra en la sala Mors es generar un evento m\u00e1s social, con participaci\u00f3n de emprendedores; por ejemplo, los ubicados en el patio con propuestas gastron\u00f3micas variadas, cerveza artesanal y mucha m\u00fasica\u201d.<br>\u00a0<br>UNA MUESTRA, M\u00daLTIPLES PROPUESTAS<br>En tanto,\u00a0<em>Ninio Grulla<\/em>, artista y responsable organizativo de la Expo Terer\u00e9, valor\u00f3 la propuesta cultural en la sala Adolfo Mors por su variedad. \u201cEstoy complacido de poder estar al frente de la organizaci\u00f3n de esta segunda edici\u00f3n de la exposici\u00f3n. El concepto de esta muestra es unir a artistas de la disciplina visual, pero de todos los rubros; es decir, muralistas, tatuadores, ilustradores, pintores y otros, con la idea de abarcar todas las \u00e1reas del arte visual\u201d.<br>Finalmente, Vallejos ponder\u00f3 el trabajo de la gesti\u00f3n que encabeza Tassano en materia cultural y art\u00edstica. \u201cDesde la Municipalidad se est\u00e1 haciendo una gran apuesta al arte y la cultura y, personalmente, me parece fant\u00e1stico que generen espacios para artistas locales y con una muestra tan innovadora como esta\u201d, valor\u00f3.<\/p>\n","protected":false},"excerpt":{"rendered":"<p>El intendente encabez\u00f3 el acto inaugural de la exposici\u00f3n que cuenta con la participaci\u00f3n de&#8230;<\/p>\n","protected":false},"author":1,"featured_media":761,"comment_status":"open","ping_status":"open","sticky":false,"template":"","format":"standard","meta":[],"categories":[1],"tags":[],"_links":{"self":[{"href":"https:\/\/neanoticias.com\/index.php\/wp-json\/wp\/v2\/posts\/759"}],"collection":[{"href":"https:\/\/neanoticias.com\/index.php\/wp-json\/wp\/v2\/posts"}],"about":[{"href":"https:\/\/neanoticias.com\/index.php\/wp-json\/wp\/v2\/types\/post"}],"author":[{"embeddable":true,"href":"https:\/\/neanoticias.com\/index.php\/wp-json\/wp\/v2\/users\/1"}],"replies":[{"embeddable":true,"href":"https:\/\/neanoticias.com\/index.php\/wp-json\/wp\/v2\/comments?post=759"}],"version-history":[{"count":1,"href":"https:\/\/neanoticias.com\/index.php\/wp-json\/wp\/v2\/posts\/759\/revisions"}],"predecessor-version":[{"id":762,"href":"https:\/\/neanoticias.com\/index.php\/wp-json\/wp\/v2\/posts\/759\/revisions\/762"}],"wp:featuredmedia":[{"embeddable":true,"href":"https:\/\/neanoticias.com\/index.php\/wp-json\/wp\/v2\/media\/761"}],"wp:attachment":[{"href":"https:\/\/neanoticias.com\/index.php\/wp-json\/wp\/v2\/media?parent=759"}],"wp:term":[{"taxonomy":"category","embeddable":true,"href":"https:\/\/neanoticias.com\/index.php\/wp-json\/wp\/v2\/categories?post=759"},{"taxonomy":"post_tag","embeddable":true,"href":"https:\/\/neanoticias.com\/index.php\/wp-json\/wp\/v2\/tags?post=759"}],"curies":[{"name":"wp","href":"https:\/\/api.w.org\/{rel}","templated":true}]}}