{"id":753,"date":"2023-04-28T14:19:40","date_gmt":"2023-04-28T14:19:40","guid":{"rendered":"https:\/\/neanoticias.com\/?p=753"},"modified":"2023-04-28T14:19:42","modified_gmt":"2023-04-28T14:19:42","slug":"joven-murio-tras-dos-dias-de-agonia-a-causa-de-un-choque-con-su-moto","status":"publish","type":"post","link":"https:\/\/neanoticias.com\/index.php\/2023\/04\/28\/joven-murio-tras-dos-dias-de-agonia-a-causa-de-un-choque-con-su-moto\/","title":{"rendered":"JOVEN MURI\u00d3 TRAS DOS D\u00cdAS DE AGON\u00cdA A CAUSA DE UN CHOQUE CON SU MOTO"},"content":{"rendered":"\n<p>El motociclista derrap\u00f3 y termin\u00f3 destruyendo el tejido de una vivienda. Ten\u00eda 17 a\u00f1os. Fue hospitalizado hasta su deceso ayer al mediod\u00eda. En Yofre un conductor despist\u00f3 con su camioneta. Sufri\u00f3 severas heridas.<\/p>\n\n\n\n<figure class=\"wp-block-image size-full\"><img loading=\"lazy\" width=\"380\" height=\"229\" src=\"https:\/\/neanoticias.com\/wp-content\/uploads\/2023\/04\/1292284w380h229c.jpg.webp\" alt=\"\" class=\"wp-image-754\" srcset=\"https:\/\/neanoticias.com\/wp-content\/uploads\/2023\/04\/1292284w380h229c.jpg.webp 380w, https:\/\/neanoticias.com\/wp-content\/uploads\/2023\/04\/1292284w380h229c.jpg-300x181.webp 300w\" sizes=\"(max-width: 380px) 100vw, 380px\" \/><\/figure>\n\n\n\n<p>El martes \u00faltimo, un menor de 17 a\u00f1os sufri\u00f3 lesiones de car\u00e1cter grave tras un siniestro vial en el barrio Matadero de la localidad correntina de Mercedes. Despist\u00f3 con su moto y termin\u00f3 destruyendo un alambrado. Fue derivado a Capital y ayer cerca del medio d\u00eda se inform\u00f3 de su deceso. Por otra parte, sobre Ruta Nacional 123, cerca de R\u00edo Corriente, el conductor de una camioneta atropell\u00f3 banda de contenci\u00f3n de la zona y termin\u00f3 volcando. Quien guiaba el rodado debi\u00f3 ser hospitalizado.<\/p>\n\n\n\n<p>Tal como se inform\u00f3 en la oportunidad, el joven de 17 a\u00f1os de apellido Guti\u00e9rrez circulaba en su motocicleta Yamaha YBR de 125 cent\u00edmetros c\u00fabicos por inmediaciones de las calles Emma de Ferrari y Ni\u00f1o Rhupa cuando en un momento dado perdi\u00f3 el control, impactando contra el tejido perimetral de un domicilio (foto).<\/p>\n\n\n\n<p>A la zona lleg\u00f3 personal policial de la comisar\u00eda Tercera y de salud, quienes trasladaron en ambulancia al hospital Las Mercedes, tras presentar traumatismo de cr\u00e1neo severo y contusiones varias en el resto de su cuerpo.<\/p>\n\n\n\n<p>Luego de ser examinado en el centro de salud local, por la complejidad de las heridas fue derivado en car\u00e1cter de urgente al Hospital Escuela de Capital, al que ingres\u00f3 al \u00e1rea de Terapia Intensiva.<\/p>\n\n\n\n<p>All\u00ed agoniz\u00f3 hasta ayer al mediod\u00eda que se inform\u00f3 de su deceso a pesar de la atenci\u00f3n m\u00e9dica recibida.<\/p>\n\n\n\n<p>La noticia de su fallecimiento entristeci\u00f3 a sus amigos y allegados, quienes manifestaron su pesar a trav\u00e9s de las redes sociales.<\/p>\n\n\n\n<h2>Estad\u00edstica<\/h2>\n\n\n\n<p>Corrientes registra en lo que va del a\u00f1o 51 muertes en siniestros viales.<\/p>\n\n\n\n<p>En el interior provincial son 41 los fallecidos, mientras que en Capital los muertos por accidentes viales en distintas circunstancias son 10.<\/p>\n\n\n\n<h2>Termin\u00f3 en la banquina<\/h2>\n\n\n\n<p>En la madrugada de ayer, cerca de las 3, efectivos policiales de la comisar\u00eda de Felipe Yofre, distante a 215 kil\u00f3metros de la capital provincial fue alertado por ocasionales automovilistas que, sobre Ruta Nacional N\u00b0123 kil\u00f3metro 59, en cercan\u00edas del R\u00edo Corriente, una camioneta pas\u00f3 las barreras de contenci\u00f3n y despist\u00f3, desconociendo el estado de salud de los ocupantes del veh\u00edculo.<\/p>\n\n\n\n<p>Al llegar al lugar, los uniformados encontraron efectivamente la camioneta Volkswagen Amarok en la banquina de la carretera nacional y las barras de contenci\u00f3n de la zona, destruidas.<\/p>\n\n\n\n<p>El conductor identificado con el apellido Samaniego, de 62 a\u00f1os de nacionalidad paraguaya, estaba consciente y coment\u00f3 que proven\u00eda de la provincia de Buenos Aires y que ten\u00eda como destino la ciudad de Asunci\u00f3n, en Paraguay.<\/p>\n\n\n\n<p>Viajaba solo y presumi\u00f3 que pudo quedar dormido, ya que en un momento dado perdi\u00f3 el control y termin\u00f3 impactando las barreras.<\/p>\n\n\n\n<p>Al lugar lleg\u00f3 personal de Bomberos Voluntarios de Chavarr\u00eda, quienes ayudaron al conductor salir del habit\u00e1culo y personal sanitario de Mercedes, quienes corroboraron sus lesiones.<\/p>\n\n\n\n<p>Samaniego sufri\u00f3 excoriaciones varias, &#8220;ninguna de gravedad que corra riesgo de vida&#8221;, indicaron en un comunicado oficial a la prensa.<\/p>\n\n\n\n<p>En la comisar\u00eda de Felipe Yofre realizaron las actuaciones del caso.<\/p>\n\n\n\n<h2>Otro contra un poste<\/h2>\n\n\n\n<p>En horas de la noche del mi\u00e9rcoles en avenida 9 de Julio, entre General Paz y Ant\u00e1rtida Argentina, en la localidad de Esquina un motociclista choc\u00f3 contra una columna de alumbrado p\u00fablico.<\/p>\n\n\n\n<p>El alerta del accidente recibi\u00f3 la fuerza policial. Cuando efectivos llegaron al lugar, encontraron a un hombre de 32 a\u00f1os con severas lesiones.<\/p>\n\n\n\n<p>Quien guiaba la moto fue identificado despu\u00e9s con el apellido Quintana.<\/p>\n\n\n\n<p>El motociclista, quien se desplazaba de Sur a Norte, dijo a los efectivos que perdi\u00f3 el control y termin\u00f3 contra el poste.<\/p>\n\n\n\n<p>Fue trasladado al hospital San Roque, al que ingres\u00f3 con traumatismos varios y fracturas.<\/p>\n\n\n\n<p>Se inform\u00f3 al cierre de esta edici\u00f3n que el muchacho no corre riesgo de vida, aunque sus lesiones hicieron que debiera quedar internado en el centro de salud local.<\/p>\n\n\n\n<p>Con conocimiento del fiscal en turno se iniciaron actuaciones judiciales de oficio por supuestas lesiones graves en accidente de tr\u00e1nsito.<\/p>\n","protected":false},"excerpt":{"rendered":"<p>El motociclista derrap\u00f3 y termin\u00f3 destruyendo el tejido de una vivienda. Ten\u00eda 17 a\u00f1os. Fue&#8230;<\/p>\n","protected":false},"author":1,"featured_media":754,"comment_status":"open","ping_status":"open","sticky":false,"template":"","format":"standard","meta":[],"categories":[1],"tags":[],"_links":{"self":[{"href":"https:\/\/neanoticias.com\/index.php\/wp-json\/wp\/v2\/posts\/753"}],"collection":[{"href":"https:\/\/neanoticias.com\/index.php\/wp-json\/wp\/v2\/posts"}],"about":[{"href":"https:\/\/neanoticias.com\/index.php\/wp-json\/wp\/v2\/types\/post"}],"author":[{"embeddable":true,"href":"https:\/\/neanoticias.com\/index.php\/wp-json\/wp\/v2\/users\/1"}],"replies":[{"embeddable":true,"href":"https:\/\/neanoticias.com\/index.php\/wp-json\/wp\/v2\/comments?post=753"}],"version-history":[{"count":1,"href":"https:\/\/neanoticias.com\/index.php\/wp-json\/wp\/v2\/posts\/753\/revisions"}],"predecessor-version":[{"id":755,"href":"https:\/\/neanoticias.com\/index.php\/wp-json\/wp\/v2\/posts\/753\/revisions\/755"}],"wp:featuredmedia":[{"embeddable":true,"href":"https:\/\/neanoticias.com\/index.php\/wp-json\/wp\/v2\/media\/754"}],"wp:attachment":[{"href":"https:\/\/neanoticias.com\/index.php\/wp-json\/wp\/v2\/media?parent=753"}],"wp:term":[{"taxonomy":"category","embeddable":true,"href":"https:\/\/neanoticias.com\/index.php\/wp-json\/wp\/v2\/categories?post=753"},{"taxonomy":"post_tag","embeddable":true,"href":"https:\/\/neanoticias.com\/index.php\/wp-json\/wp\/v2\/tags?post=753"}],"curies":[{"name":"wp","href":"https:\/\/api.w.org\/{rel}","templated":true}]}}