{"id":750,"date":"2023-04-28T13:49:21","date_gmt":"2023-04-28T13:49:21","guid":{"rendered":"https:\/\/neanoticias.com\/?p=750"},"modified":"2023-04-28T13:49:23","modified_gmt":"2023-04-28T13:49:23","slug":"ciudad-de-eventos-tassano-en-un-fin-de-semana-con-premios-del-carnaval-y-eleccion-de-representantes-culturales","status":"publish","type":"post","link":"https:\/\/neanoticias.com\/index.php\/2023\/04\/28\/ciudad-de-eventos-tassano-en-un-fin-de-semana-con-premios-del-carnaval-y-eleccion-de-representantes-culturales\/","title":{"rendered":"CIUDAD DE EVENTOS: TASSANO, EN UN FIN DE SEMANA CON PREMIOS DEL CARNAVAL Y ELECCI\u00d3N DE REPRESENTANTES CULTURALES"},"content":{"rendered":"\n<p><em>En el centro cultural Adolfo Mors se realiz\u00f3 el viernes el traspaso de los atributos de la \u00faltima edici\u00f3n de los Carnavales Barriales. El domingo, hubo doble jornada: se entregaron los premios \u201cCarnavales Correntinos 2023\u201d en el parque Camb\u00e1 Cu\u00e1 y se eligieron representantes culturales de la ciudad en un encuentro desarrollado en la Sociedad Espa\u00f1ola.<\/em><\/p>\n\n\n\n<figure class=\"wp-block-image size-large\"><img loading=\"lazy\" width=\"1024\" height=\"682\" src=\"https:\/\/neanoticias.com\/wp-content\/uploads\/2023\/04\/1a9ecbc0-a553-8df0-d403-8046af503e1b-1024x682.jpg\" alt=\"\" class=\"wp-image-751\" srcset=\"https:\/\/neanoticias.com\/wp-content\/uploads\/2023\/04\/1a9ecbc0-a553-8df0-d403-8046af503e1b-1024x682.jpg 1024w, https:\/\/neanoticias.com\/wp-content\/uploads\/2023\/04\/1a9ecbc0-a553-8df0-d403-8046af503e1b-300x200.jpg 300w, https:\/\/neanoticias.com\/wp-content\/uploads\/2023\/04\/1a9ecbc0-a553-8df0-d403-8046af503e1b-768x512.jpg 768w, https:\/\/neanoticias.com\/wp-content\/uploads\/2023\/04\/1a9ecbc0-a553-8df0-d403-8046af503e1b.jpg 1280w\" sizes=\"(max-width: 1024px) 100vw, 1024px\" \/><\/figure>\n\n\n\n<p>En el marco del Mes de Corrientes, la Municipalidad llev\u00f3 a cabo diversos eventos especiales ligados a los corsos barriales, los Carnavales Correntinos 2023 y los nuevos representantes culturales de la ciudad, que fueron encabezados por el intendente Eduardo Tassano.<br>En principio, el viernes se realiz\u00f3 el traspaso de atributos a representantes infantiles y mayores de los Carnavales Barriales, en un encuentro desarrollado en el centro cultural Adolfo Mors, donde se destac\u00f3 a los representantes masculino, femenina, de la diversidad y al Rey Momo, entre otras m\u00faltiples categor\u00edas. De esta manera, los tres representantes del a\u00f1o pasado pasaron a ser embajadores de los Carnavales Barriales.<\/p>\n\n\n\n<figure class=\"wp-block-embed is-type-video is-provider-youtube wp-block-embed-youtube wp-embed-aspect-16-9 wp-has-aspect-ratio\"><div class=\"wp-block-embed__wrapper\">\n<iframe loading=\"lazy\" title=\"Elecci\u00f3n de representantes culturales de la ciudad\" width=\"640\" height=\"360\" src=\"https:\/\/www.youtube.com\/embed\/FO9shR8CUp4?feature=oembed\" frameborder=\"0\" allow=\"accelerometer; autoplay; clipboard-write; encrypted-media; gyroscope; picture-in-picture; web-share\" allowfullscreen><\/iframe>\n<\/div><\/figure>\n\n\n\n<p>Durante el evento, se present\u00f3 la agrupaci\u00f3n musical Puerto Carioca, que ascendi\u00f3 a la competencia (estaba como invitada) y tambi\u00e9n acompa\u00f1aron los embajadores nacionales del Carnaval de Corrientes y autoridades municipales.<br>A su vez, el domingo hubo doble jornada, tambi\u00e9n en el marco del Mes de Corrientes. En principio, en horas de la tarde-noche en el parque Camb\u00e1 Cu\u00e1 se entregaron los premios \u201cCarnavales Correntinos 2023\u201d.<br>\u201cEste fue un fin de semana m\u00e1s con una amplia gama de eventos en nuestra ciudad. Miles de vecinos y tambi\u00e9n una gran cantidad de turistas pudieron disfrutar de estas y tantas otras propuestas que tenemos en el marco de las celebraciones del Mes de Corrientes\u201d, subray\u00f3 Tassano en ese contexto.<br>En ese sentido, asegur\u00f3 que \u201ccontamos con actividades durante todas las semanas, tanto en el centro como en los barrios, e invitamos a los vecinos a visitar la p\u00e1gina de la Municipalidad, donde est\u00e1 la agenda al alcance de todos\u201d, en referencia al link ciudaddecorrientes.gov.ar\/mesdecorrientes, disponible para todos los interesados.<br>\u00a0<br>EL CARNAVAL, MANIFESTACI\u00d3N QUE REPRESENTA A CORRIENTES<br>Presente en el evento desarrollado en el Camb\u00e1 Cu\u00e1, el vicegobernador Pedro Braillard Poccard remarc\u00f3 el significado que tienen los carnavales para el pueblo correntino como una \u201cmanifestaci\u00f3n cultural que nos representa ante el pa\u00eds y el mundo\u201d.<br>\u201cEs admirable ver lo que provoca siempre en los correntinos el carnaval. Ese entusiasmo, pese a cualquier resultado, marca el significado que tiene esta expresi\u00f3n cultural y eso queda de manifiesto ac\u00e1 en esta entrega de premios\u201d, dijo Braillard Poccard y agreg\u00f3 en ese sentido que \u201cla competencia en los carnavales correntinos no hace m\u00e1s que enriquecer el propio evento, porque se redoblan esfuerzos por parte de los comparseros y cada una de las agrupaciones\u201d.<br>Tras el evento central en temporada estival, las diferentes actividades que mantienen activa una expresi\u00f3n cultural como el carnaval durante el a\u00f1o fue otras de las cuestiones que valor\u00f3 el vicegobernador: \u201cEs importante destacar a la Municipalidad por este reconocimiento, es una forma de mantener el carnaval vivo durante todo el a\u00f1o. Es una festividad pilar para Corrientes, va m\u00e1s all\u00e1 de lo cultural, porque se transform\u00f3 en un recurso tur\u00edstico que debemos cuidar y valorar\u201d, expres\u00f3.<br>\u00a0<br>REPRESENTANTES DE LA CIUDAD<br>Tambi\u00e9n el domingo, pero por la noche, en la Sociedad Espa\u00f1ola, se llev\u00f3 a cabo la elecci\u00f3n de representantes culturales de la ciudad. La actividad fue organizada por la Secretar\u00eda de Cultura y Educaci\u00f3n, con el objetivo de seleccionar a las personas que representar\u00e1n a la ciudad en diversas actividades durante el per\u00edodo 2023\/2024. Y lo hicieron en tres categor\u00edas: Representante Cultural Femenino, Masculino y de la Diversidad.<br>Los ganadores fueron Rafael L\u00f3pez Torres, elegido como representante cultural masculino; Erika Bel\u00e9n Aguirre, representante cultural femenina; y Malena Constanza, flamante representante cultural de la diversidad.<br>El secretario de Cultura y Educaci\u00f3n de la Municipalidad, Jos\u00e9 Sand, se refiri\u00f3 al proceso previo para llega a la elecci\u00f3n de los nuevos representantes culturales de la ciudad.<br>\u201cTenemos nuevos representantes culturales en la ciudad. Es resultado de un minucioso proceso que incluy\u00f3 instrucci\u00f3n y capacitaci\u00f3n a los aspirantes por parte de referentes de la cultura, educaci\u00f3n e historia de la ciudad\u201d, detall\u00f3.<br>\u201cEstamos orgullos de tener hoy a embajadores de la ciudad, personas que nos representar\u00e1n en distintas actividades, tanto en Corrientes, como en el interior de la provincia\u201d, agreg\u00f3 Sand.<br>Finalmente, consider\u00f3 que \u201cCorrientes es una ciudad muy rica en historia, y los representantes que fueron elegidos tienen el conocimiento necesario para poder explicar a quienes nos visitan y a los propios vecinos sobre nuestra identidad e idiosincrasia\u201d.<br>\u00a0<br>AMPLIA CONVOCATORIA<br>Asimismo, el secretario de Coordinaci\u00f3n de Gobierno, Hugo Calvano, presente en la oportunidad, celebr\u00f3 la gran convocatoria de aspirantes que tuvo la elecci\u00f3n: \u201cTenemos nuevos representantes culturales en la ciudad; femenino, masculino y de la diversidad, quienes superaron un proceso que incluy\u00f3 entrevistas, conocimiento cultural, hist\u00f3rico, tur\u00edstico, desfile y todo lo referente con la ciudad que van a representar\u201d, dijo. \u201cEl jurado tuvo en cuenta todas estas cuestiones para la elecci\u00f3n entre m\u00e1s de 50 aspirantes que se postularon\u201d agreg\u00f3 en ese sentido.<br>Finalmente, Calvano hizo referencia a la labor que acompa\u00f1ar\u00e1 la presentaci\u00f3n de cada uno de los elegidos: \u201cNuestros flamantes representantes culturales van a tener como misi\u00f3n principal el acompa\u00f1amiento en cada una las actividades que se lleven a cabo en la ciudad. A trav\u00e9s de ellos, y de sus conocimientos, Corrientes ser\u00e1 difundida al mundo\u201d.<br>\u00a0<br>UN ORGULLO Y UNA GRAN RESPONSABILIDAD<br>\u201cSoy el primer representante cultural de la ciudad de Corrientes y para m\u00ed significa una responsabilidad muy grande\u201d, dijo por su parte Rafael L\u00f3pez Torres, elegido como representante masculino. \u201cQuiero llevar a cabo una tarea importante para que la gente venga a visitar nuestra ciudad, que la conozcan. Es un honor este rol, un orgullo\u201d, agreg\u00f3 en ese sentido.<br>En tanto, Erika Bel\u00e9n Aguirre, de 25 a\u00f1os, fue electa como representante cultural femenina de la ciudad, logro que, seg\u00fan expres\u00f3, la enorgullece: \u201cSin dudas es un orgullo poder representar a mi ciudad, y en parte a toda la provincia. Durante tres a\u00f1os fui aspirante y hoy veo realizada la posibilidad de ser una de las personas que difunda la historia, la cultura y la idiosincrasia de Corrientes\u201d, dijo Erika.<br>A su turno, Malena Constanza, flamante representante cultural de la diversidad, reconoci\u00f3 que ser\u00e1 \u201cuna gran responsabilidad representar a la ciudad\u201d.<br>\u201cPersonalmente es un logro, me enorgullece poder ser quien transmita, desde mi lugar, la rica historia de la ciudad. Corrientes tiene un potencial enorme y nuestra responsabilidad al haber sido elegidos es que el mundo conozca de nuestra tierra\u201d, afirm\u00f3.<\/p>\n","protected":false},"excerpt":{"rendered":"<p>En el centro cultural Adolfo Mors se realiz\u00f3 el viernes el traspaso de los atributos&#8230;<\/p>\n","protected":false},"author":1,"featured_media":751,"comment_status":"open","ping_status":"open","sticky":false,"template":"","format":"standard","meta":[],"categories":[1],"tags":[],"_links":{"self":[{"href":"https:\/\/neanoticias.com\/index.php\/wp-json\/wp\/v2\/posts\/750"}],"collection":[{"href":"https:\/\/neanoticias.com\/index.php\/wp-json\/wp\/v2\/posts"}],"about":[{"href":"https:\/\/neanoticias.com\/index.php\/wp-json\/wp\/v2\/types\/post"}],"author":[{"embeddable":true,"href":"https:\/\/neanoticias.com\/index.php\/wp-json\/wp\/v2\/users\/1"}],"replies":[{"embeddable":true,"href":"https:\/\/neanoticias.com\/index.php\/wp-json\/wp\/v2\/comments?post=750"}],"version-history":[{"count":1,"href":"https:\/\/neanoticias.com\/index.php\/wp-json\/wp\/v2\/posts\/750\/revisions"}],"predecessor-version":[{"id":752,"href":"https:\/\/neanoticias.com\/index.php\/wp-json\/wp\/v2\/posts\/750\/revisions\/752"}],"wp:featuredmedia":[{"embeddable":true,"href":"https:\/\/neanoticias.com\/index.php\/wp-json\/wp\/v2\/media\/751"}],"wp:attachment":[{"href":"https:\/\/neanoticias.com\/index.php\/wp-json\/wp\/v2\/media?parent=750"}],"wp:term":[{"taxonomy":"category","embeddable":true,"href":"https:\/\/neanoticias.com\/index.php\/wp-json\/wp\/v2\/categories?post=750"},{"taxonomy":"post_tag","embeddable":true,"href":"https:\/\/neanoticias.com\/index.php\/wp-json\/wp\/v2\/tags?post=750"}],"curies":[{"name":"wp","href":"https:\/\/api.w.org\/{rel}","templated":true}]}}