{"id":747,"date":"2023-04-28T13:47:06","date_gmt":"2023-04-28T13:47:06","guid":{"rendered":"https:\/\/neanoticias.com\/?p=747"},"modified":"2023-04-28T13:47:06","modified_gmt":"2023-04-28T13:47:06","slug":"temen-cierre-de-estaciones-de-servicio-por-la-baja-rentabilidad","status":"publish","type":"post","link":"https:\/\/neanoticias.com\/index.php\/2023\/04\/28\/temen-cierre-de-estaciones-de-servicio-por-la-baja-rentabilidad\/","title":{"rendered":"TEMEN CIERRE DE ESTACIONES DE SERVICIO POR LA BAJA RENTABILIDAD"},"content":{"rendered":"\n<p>Lo advirti\u00f3 ayer el empresario correntino, Carlos Gold, en un congreso latinoamericano del sector. &#8220;Si los precios de venta no siguen el ritmo porcentual del aumento de costos y la devaluaci\u00f3n, muchas estaciones no podr\u00e1n seguir funcionando&#8221;, alert\u00f3.<\/p>\n\n\n\n<figure class=\"wp-block-image size-full\"><img loading=\"lazy\" width=\"380\" height=\"214\" src=\"https:\/\/neanoticias.com\/wp-content\/uploads\/2023\/04\/1293686w380h214c.jpg.webp\" alt=\"\" class=\"wp-image-748\" srcset=\"https:\/\/neanoticias.com\/wp-content\/uploads\/2023\/04\/1293686w380h214c.jpg.webp 380w, https:\/\/neanoticias.com\/wp-content\/uploads\/2023\/04\/1293686w380h214c.jpg-300x169.webp 300w\" sizes=\"(max-width: 380px) 100vw, 380px\" \/><\/figure>\n\n\n\n<p>Empresarios de los combustibles advirtieron ayer que si los precios de las naftas no acompa\u00f1an el aumento de los costos generales, el sector ingresar\u00e1 indefectiblemente en una &#8220;espiral de cierre de estaciones de servicio&#8221;.<\/p>\n\n\n\n<p>Actualmente, en los valores de los hidrocarburos del pa\u00eds rige un &#8220;sendero de precios&#8221; acordado por Naci\u00f3n y las petroleras en el marco del programa &#8220;Precios Justos&#8221;, que fija topes mensuales del 4% para las subas a boca de surtidor.<\/p>\n\n\n\n<p>Esa voz de alerta emitida por los expendedores del pa\u00eds fue expuesta ayer en el marco de la 60\u00aa edici\u00f3n de la Conferencia de la Comisi\u00f3n Latinoamericana de Empresarios del Combustibles (CLAEC) que se realiza en Rep\u00fablica Dominicana.<\/p>\n\n\n\n<p>&#8220;Si los precios de venta no siguen el ritmo porcentual del aumento de costos y la devaluaci\u00f3n, muchas estaciones no podr\u00e1n seguir funcionando&#8221;, dijo en contacto con \u00e9poca el correntino Carlos Gold, secretario de Asuntos Institucionales de CECHA, quien viaj\u00f3 a ese pa\u00eds en representaci\u00f3n del sector.<\/p>\n\n\n\n<p>En ese sentido, el tambi\u00e9n presidente de la c\u00e1mara local (CESCOR), a\u00f1adi\u00f3 que el caso de Argentina despert\u00f3 fuerte preocupaci\u00f3n entre los pa\u00edses miembros. &#8220;La intervenci\u00f3n del Estado, en sinton\u00eda con las petroleras para contener el precio de los combustibles por debajo de los porcentajes de inflaci\u00f3n, nos lleva a un callej\u00f3n sin salida y pone en peligro la subsistencia de las expendedoras&#8221;, explic\u00f3 Gold, quien utiliz\u00f3 ese espacio para volver a reclamar al Gobierno nacional que abra una instancia de di\u00e1logo con el sector.<\/p>\n\n\n\n<p>El reclamo recibi\u00f3 el apoyo de los pa\u00edses miembros de la CLAEC que coincidieron con CECHA en el diagn\u00f3stico y en la urgencia de auxiliar al sector. &#8220;El retraso en los precios, combinado con una alta inflaci\u00f3n y paritarias por encima de esos n\u00fameros, hacen inviable la subsistencia de las estaciones de servicio&#8221;, asegur\u00f3 Daniel A\u00f1on, secretario general de CLAEC.<\/p>\n\n\n\n<p>&#8220;Las consecuencias de esto son impredecibles y requiere de medidas de apoyo por parte del Gobierno&#8221;, alert\u00f3 Ernesto Guerra, presidente de la Asociaci\u00f3n de Gasolineros de Ecuador. En la misma l\u00ednea se expres\u00f3 Roberto D\u00edaz de Le\u00f3n, presidente de la Organizaci\u00f3n Nacional de Gasolineros de M\u00e9xico, quien mostr\u00f3 preocupaci\u00f3n por la cr\u00edtica situaci\u00f3n y pidi\u00f3 que prevalezca el di\u00e1logo entre el Gobierno y el sector privado para encontrar alternativas que garanticen la rentabilidad de las estaciones de servicio.<\/p>\n\n\n\n<h2>Proponen cobrar la nafta en d\u00f3lares a for\u00e1neos<\/h2>\n\n\n\n<p>Ante la escalada del precio del d\u00f3lar y a sabiendas de que muchos habitantes de pa\u00edses lim\u00edtrofes cruzan la frontera para cargar nafta y gasoil en surtidores argentinos, un dirigente estacionero propuso ayer que se le cobre el combustible en d\u00f3lares a los for\u00e1neos.<\/p>\n\n\n\n<p>El portavoz de esa idea fue el referente de los comerciantes de combustibles de Chubut, Osvaldo Lewis, quien explic\u00f3 que &#8220;si se ponen de acuerdo las bocas de expendio, se puede cobrar los productos al cambio oficial&#8221;.<\/p>\n\n\n\n<p>Adelant\u00f3 que esta operatoria les dar\u00eda una rentabilidad extra y seguir\u00eda siendo ventajoso para los clientes que vienen de otros lugares, ya sean turistas o habitantes de pa\u00edses lim\u00edtrofes que se benefician de la depreciaci\u00f3n del peso.<\/p>\n\n\n\n<p>La idea surgi\u00f3 en el rubro en funci\u00f3n de que en estaciones de frontera tienen surtidores con precio diferencial para extranjeros, lo que deja la puerta abierta a poder pedir el pago en d\u00f3lares, ya sea en efectivo o con tarjeta.<\/p>\n\n\n\n<p>En este contexto, Lewis admiti\u00f3 a surtidores.com.ar que para el caso de las tarjetas, seguramente deber\u00eda implementarse un esquema m\u00e1s complejo que para el efectivo, pero asegur\u00f3 que estas operaciones no ser\u00edan ilegales. Expres\u00f3 que en los hoteles se cobra en d\u00f3lares y que por ejemplo en los negocios en Buenos Aires que se dedican al turismo tambi\u00e9n venden la mercader\u00eda en d\u00f3lares.<\/p>\n\n\n\n<h2>Aprobaron alzas en bioetanol y biodi\u00e9sel<\/h2>\n\n\n\n<p><br>La Secretar\u00eda de Energ\u00eda de la Naci\u00f3n aument\u00f3 5% el precio de adquisici\u00f3n del litro de bioetanol, tanto para elaborados a base de ca\u00f1a de az\u00facar como de ma\u00edz, y 4% el valor de la tonelada de biodi\u00e9sel, en l\u00ednea con los incrementos que la compa\u00f1\u00eda YPF dispuso para sus combustibles.<\/p>\n\n\n\n<p>La medida se formaliz\u00f3 esta semana a trav\u00e9s de las resoluciones 268\/2023 y 269\/2023, publicadas en el Bolet\u00edn Oficial, que establecen para las dos variantes de bioetanol un precio de $148,479 por litro para las operaciones realizadas a partir del 16 de abril, d\u00eda en que la petrolera nacional ajust\u00f3 los precios de sus naftas de grados 2 y 3 comercializadas a trav\u00e9s de sus estaciones de servicio.<\/p>\n\n\n\n<p>De esta forma, se reemplaza a la Resoluci\u00f3n 169 del 21 de marzo, que hab\u00eda fijado un precio de $141,409 por litro para el bioetanol a base de ca\u00f1a de az\u00facar y de ma\u00edz.<\/p>\n\n\n\n<p>La Resoluci\u00f3n 852 del 3 de septiembre de 2021 estableci\u00f3 que los precios del bioetanol elaborado a base de ca\u00f1a de az\u00facar y de ma\u00edz destinados al mercado interno en su mezcla obligatoria con las naftas ser\u00edan actualizados mensualmente por la Secretar\u00eda de Energ\u00eda.<\/p>\n","protected":false},"excerpt":{"rendered":"<p>Lo advirti\u00f3 ayer el empresario correntino, Carlos Gold, en un congreso latinoamericano del sector. &#8220;Si&#8230;<\/p>\n","protected":false},"author":1,"featured_media":748,"comment_status":"open","ping_status":"open","sticky":false,"template":"","format":"standard","meta":[],"categories":[1],"tags":[],"_links":{"self":[{"href":"https:\/\/neanoticias.com\/index.php\/wp-json\/wp\/v2\/posts\/747"}],"collection":[{"href":"https:\/\/neanoticias.com\/index.php\/wp-json\/wp\/v2\/posts"}],"about":[{"href":"https:\/\/neanoticias.com\/index.php\/wp-json\/wp\/v2\/types\/post"}],"author":[{"embeddable":true,"href":"https:\/\/neanoticias.com\/index.php\/wp-json\/wp\/v2\/users\/1"}],"replies":[{"embeddable":true,"href":"https:\/\/neanoticias.com\/index.php\/wp-json\/wp\/v2\/comments?post=747"}],"version-history":[{"count":1,"href":"https:\/\/neanoticias.com\/index.php\/wp-json\/wp\/v2\/posts\/747\/revisions"}],"predecessor-version":[{"id":749,"href":"https:\/\/neanoticias.com\/index.php\/wp-json\/wp\/v2\/posts\/747\/revisions\/749"}],"wp:featuredmedia":[{"embeddable":true,"href":"https:\/\/neanoticias.com\/index.php\/wp-json\/wp\/v2\/media\/748"}],"wp:attachment":[{"href":"https:\/\/neanoticias.com\/index.php\/wp-json\/wp\/v2\/media?parent=747"}],"wp:term":[{"taxonomy":"category","embeddable":true,"href":"https:\/\/neanoticias.com\/index.php\/wp-json\/wp\/v2\/categories?post=747"},{"taxonomy":"post_tag","embeddable":true,"href":"https:\/\/neanoticias.com\/index.php\/wp-json\/wp\/v2\/tags?post=747"}],"curies":[{"name":"wp","href":"https:\/\/api.w.org\/{rel}","templated":true}]}}