{"id":739,"date":"2023-04-28T13:28:09","date_gmt":"2023-04-28T13:28:09","guid":{"rendered":"https:\/\/neanoticias.com\/?p=739"},"modified":"2023-04-28T13:30:16","modified_gmt":"2023-04-28T13:30:16","slug":"tassano-el-crecimiento-de-la-pequena-y-mediana-empresa-es-uno-de-nuestros-principales-objetivos","status":"publish","type":"post","link":"https:\/\/neanoticias.com\/index.php\/2023\/04\/28\/tassano-el-crecimiento-de-la-pequena-y-mediana-empresa-es-uno-de-nuestros-principales-objetivos\/","title":{"rendered":"TASSANO: \u201cEL CRECIMIENTO DE LA PEQUE\u00d1A Y MEDIANA EMPRESA ES UNO DE NUESTROS PRINCIPALES OBJETIVOS\u201d"},"content":{"rendered":"\n<p><em>\u201cEn este tiempo han pasado por aqu\u00ed m\u00e1s de 200 dise\u00f1adores, y esto ha sido la base de negocios muy importantes que luego se han desarrollado en la ciudad\u201d, recalc\u00f3 el intendente en el marco de la actividad, donde comparti\u00f3 un grato momento con los peque\u00f1os y medianos emprendedores que peri\u00f3dicamente ofrecen sus productos en Terrazas del Paran\u00e1, paseo costero visitado por miles de vecinos y turistas. En la ocasi\u00f3n, fue acompa\u00f1ado por el presidente de la C\u00e1mara de Diputados, Cassani, quien celebr\u00f3 el avance y mantenimiento de la propuesta.<\/em><\/p>\n\n\n\n<figure class=\"wp-block-image size-large\"><img loading=\"lazy\" width=\"1024\" height=\"678\" src=\"https:\/\/neanoticias.com\/wp-content\/uploads\/2023\/04\/a0ca35ee-4815-baa6-3bb9-ebb0c5c36eb8-1024x678.jpg\" alt=\"\" class=\"wp-image-740\" srcset=\"https:\/\/neanoticias.com\/wp-content\/uploads\/2023\/04\/a0ca35ee-4815-baa6-3bb9-ebb0c5c36eb8-1024x678.jpg 1024w, https:\/\/neanoticias.com\/wp-content\/uploads\/2023\/04\/a0ca35ee-4815-baa6-3bb9-ebb0c5c36eb8-300x199.jpg 300w, https:\/\/neanoticias.com\/wp-content\/uploads\/2023\/04\/a0ca35ee-4815-baa6-3bb9-ebb0c5c36eb8-768x509.jpg 768w, https:\/\/neanoticias.com\/wp-content\/uploads\/2023\/04\/a0ca35ee-4815-baa6-3bb9-ebb0c5c36eb8.jpg 1280w\" sizes=\"(max-width: 1024px) 100vw, 1024px\" \/><\/figure>\n\n\n\n<p>El intendente Eduardo Tassano comparti\u00f3, durante la noche de este s\u00e1bado, con emprendedores de la ciudad, los festejos por el 6\u00ba aniversario de Ciudad de Dise\u00f1o, que representa una clara oportunidad para aquellos noveles empresarios de forjar sus primeras armas en el comercio, evaluar las posibilidades de mercado y avanzar en su desarrollo personal, generando as\u00ed oportunidades de desarrollo econ\u00f3mico e impulso al sector privado.<br>A la sencilla celebraci\u00f3n efectuada en Terrazas del Paran\u00e1 -punto habitual de encuentro ubicado en Costanera y Thomas Edison- el intendente acudi\u00f3 acompa\u00f1ado por el presidente de la C\u00e1mara de Diputados de la Provincia, Pedro Cassani; los secretarios de Cultura y Educaci\u00f3n, Jos\u00e9 Sand y de Ambiente y Desarrollo Sustentable, Ignacio Maldonado Yonna; donde fueron recibidos por la subsecretaria de Pymes y Emprendedores, Thea Bel\u00e1ustegui, quien tiene a cargo la organizaci\u00f3n y el funcionamiento del programa municipal.<br>\u201cEstamos muy contentos con los seis a\u00f1os de Ciudad de Dise\u00f1o, un lugar de exposiciones y de presentaci\u00f3n de peque\u00f1os y medianos empresarios que hacen ac\u00e1 sus primeras armas y se forman en la compra y venta y comercializaci\u00f3n, y exponen sus productos para ver qu\u00e9 impacto tienen en el mercado\u201d, manifest\u00f3 inicialmente Tassano, luego de celebrar con los emprendedores presentes y recorrer sus distintos puestos de venta.<\/p>\n\n\n\n<figure class=\"wp-block-embed is-type-video is-provider-youtube wp-block-embed-youtube wp-embed-aspect-16-9 wp-has-aspect-ratio\"><div class=\"wp-block-embed__wrapper\">\n<iframe loading=\"lazy\" title=\"Tassano: \u201cEl crecimiento de la peque\u00f1a y mediana empresa es uno de nuestros principales objetivos\u201d\" width=\"640\" height=\"360\" src=\"https:\/\/www.youtube.com\/embed\/hBhQe__uj4M?feature=oembed\" frameborder=\"0\" allow=\"accelerometer; autoplay; clipboard-write; encrypted-media; gyroscope; picture-in-picture; web-share\" allowfullscreen><\/iframe>\n<\/div><\/figure>\n\n\n\n<p>\u00a0M\u00c1S DE 200 EMPRENDEDORES<br>\u201cEn este tiempo han pasado por aqu\u00ed m\u00e1s de 200 dise\u00f1adores, y esto ha sido la base de negocios muy importantes que luego se han desarrollado en la ciudad\u201d, valor\u00f3 acerca de ello.<br>\u201cEste es un programa que lo hemos mantenido y que los resultados que ha tenido superaron nuestras expectativas, as\u00ed que ac\u00e1 estamos, celebrando este sexto a\u00f1o consecutivo\u201d, dijo Tassano, quien resalt\u00f3 que es un denominador com\u00fan el hecho de que \u201cmucha gente tiene la inquietud, empieza a emprender y ya va testeando c\u00f3mo cae en la gente su producto, y eso tiene un valor inconmensurable en un \u00e1mbito como \u00e9ste, en el cual se venden cosas, con lo que los emprendedores hacen sus primeras armas para luego seguir creciendo\u201d.<br>\u00a0<br>EJES CLAROS Y TRABAJO CONSTANTE<br>En ese contexto, el intendente rese\u00f1\u00f3 el hecho de que, desde el inicio de su primera gesti\u00f3n al frente del Ejecutivo municipal -en diciembre de 2017- a la fecha, ha trazado ejes claros de gesti\u00f3n para transformar a Corrientes en una ciudad moderna, amigable, sustentable y de oportunidades, con todo lo que ello representa. Es as\u00ed que hizo especial hincapi\u00e9 a la importancia de desempe\u00f1ar un trabajo multidisciplinario y a la vez coordinado entre las distintas \u00e1reas gubernamentales, a fin de concretar con creces estos preceptos.<br>\u201cNosotros, desde el primer d\u00eda, adem\u00e1s de la atenci\u00f3n de los servicios p\u00fablicos y de las obras de infraestructura que requiere la ciudad, nos propusimos hacerla crecer econ\u00f3micamente. En ese aspecto, identificamos varios rubros, como el turismo, por supuesto, con una ciudad tur\u00edstica con siete meses de playa y con la realizaci\u00f3n constante de eventos; el tema del desarrollo de la econom\u00eda circular, a partir del reciclado de productos que tenemos en la ciudad a trav\u00e9s de nuestra pol\u00edtica de gesti\u00f3n de residuos s\u00f3lidos; tambi\u00e9n estamos trabajando fuertemente en el parque industrial en cuanto al establecimiento de empresas que se est\u00e1n asentando en la ciudad; y todo lo que tenga que ver con los \u00e1mbitos favorables para el desarrollo econ\u00f3mico en todos los rubros\u201d, enumer\u00f3 Tassano.<br>\u201cAs\u00ed que a esos ejes apuntamos y, sin dudas, la solidificaci\u00f3n, el mantenimiento y el crecimiento de la peque\u00f1a y mediana empresa es un gran objetivo, porque los pa\u00edses desarrollados tienen porcentajes de peque\u00f1os y medianos empresarios que a nosotros a\u00fan nos faltan, y queremos llegar a esos n\u00fameros\u201d, asegur\u00f3.<br>\u201cEl rubro en el que tambi\u00e9n estamos trabajando es el de las capacitaciones y cursos para j\u00f3venes, fundamentalmente en los barrios de nuestra ciudad, en el uso de las nuevas tecnolog\u00edas, aplicaciones, preparaci\u00f3n de programas; para lo que a veces no hace falta ser expertos en la materia, y es algo que nos puede brindar grandes oportunidades de desarrollo\u201d, finaliz\u00f3.<br>\u00a0<br>CASSANI VALOR\u00d3 LA SINERGIA ENTRE SECTORES\u00a0P\u00daBLICO Y PRIVADO<br>\u201cLa verdad que estas son experiencias fant\u00e1sticas. Acompa\u00f1amos al intendente, ratificando este programa que se desarrolla en Corrientes y que representa la primera experiencia para aquellos que arrancan en el emprendedurismo y que buscan alg\u00fan tipo de apoyatura en lo que tenga que ver con m\u00e1rquetin, dise\u00f1o, etc\u00e9tera, para despu\u00e9s tomar vuelo propio\u201d, resalt\u00f3 el presidente de la C\u00e1mara de Diputados, quien comparti\u00f3 con Tassano de las actividades desarrolladas por la Municipalidad durante el atardecer del s\u00e1bado.<br>En ese contexto, hizo menci\u00f3n a la importancia de \u201centender que esta es la Argentina que necesitamos y que es la Argentina que viene, en un mundo en el que incluso las necesidades laborales van cambiando, donde las cosas se aceleran en estos procesos que tienen que ver con el desarrollo econ\u00f3mico, en donde esta sinergia entre los sectores p\u00fablico y privado debe estar presente, articulando entre todos las posibilidades para que a la gente le vaya mejor\u201d, se esperanz\u00f3.<br>\u00a0<br>BEL\u00c1USTEGUI: \u201cLA IDEA ES QUE PUEDAN CONVERTIRSE EN UNA PYME\u201d<br>\u201cEsta propuesta es un programa de incubaci\u00f3n de emprendimientos que culmina todos los meses con una exposici\u00f3n, como la que estamos viendo. La idea de Ciudad de Dise\u00f1o es trabajar con los emprendedores, que puedan ir madurando como tal y convertirse en una pyme. De hecho, en estos seis a\u00f1os ya pasaron m\u00e1s de 200 emprendedores por este programa, que fueron dej\u00e1ndolo para abrir sus propios locales, dando lugar a su vez a nuevos emprendedores\u201d, expuso la subsecretaria de Pymes y Emprendedores. \u201cLa idea es que el emprendedor que entre a Ciudad de Dise\u00f1o no se quede aqu\u00ed para siempre aqu\u00ed, sino que est\u00e9, crezca y pueda poner su local, generar empleo en la ciudad y dar lugar a otro emprendedor que quiera empezar a crecer\u201d, insisti\u00f3.<br>Fue as\u00ed que, en la tarde-noche de este s\u00e1bado, una gran cantidad de vecinos pas\u00f3 por el paseo costero Terrazas del Paran\u00e1, donde se pudo encontrar una multiplicidad de productos, con la caracter\u00edstica com\u00fan de que se tratan siempre de materiales creados con dise\u00f1o propio, por emprendedores locales. Ropa, bolsos, adornos, artesan\u00edas, velas arom\u00e1ticas, productos y adornos de madera, cuadros, remeras, calcoman\u00edas, gorras, mates y tazas, entre otras numerosas ofertas. Adem\u00e1s, se comercializaron dulces artesanales, escabeches y otros productos de elaboraci\u00f3n propia. \u201cTambi\u00e9n nos acompa\u00f1an emprendedores gastron\u00f3micos y de cerveza artesanal para dar un marco de feria a la exposici\u00f3n\u201d, acot\u00f3 Bel\u00e1ustegui al respecto.<br>\u00a0<br>RECONOCIMIENTO<br>En la celebraci\u00f3n, donde soplaron las velitas por los seis a\u00f1os del programa, hubo un especial reconocimiento para Alejandra Palacios, otrora impulsora del programa, que actualmente no vive m\u00e1s en Corrientes. La mujer fue reconocida por el intendente y por todos sus colegas y se mostr\u00f3 contenta por compartir una vez m\u00e1s el espacio.<\/p>\n","protected":false},"excerpt":{"rendered":"<p>\u201cEn este tiempo han pasado por aqu\u00ed m\u00e1s de 200 dise\u00f1adores, y esto ha sido&#8230;<\/p>\n","protected":false},"author":1,"featured_media":740,"comment_status":"open","ping_status":"open","sticky":false,"template":"","format":"standard","meta":[],"categories":[1],"tags":[],"_links":{"self":[{"href":"https:\/\/neanoticias.com\/index.php\/wp-json\/wp\/v2\/posts\/739"}],"collection":[{"href":"https:\/\/neanoticias.com\/index.php\/wp-json\/wp\/v2\/posts"}],"about":[{"href":"https:\/\/neanoticias.com\/index.php\/wp-json\/wp\/v2\/types\/post"}],"author":[{"embeddable":true,"href":"https:\/\/neanoticias.com\/index.php\/wp-json\/wp\/v2\/users\/1"}],"replies":[{"embeddable":true,"href":"https:\/\/neanoticias.com\/index.php\/wp-json\/wp\/v2\/comments?post=739"}],"version-history":[{"count":2,"href":"https:\/\/neanoticias.com\/index.php\/wp-json\/wp\/v2\/posts\/739\/revisions"}],"predecessor-version":[{"id":743,"href":"https:\/\/neanoticias.com\/index.php\/wp-json\/wp\/v2\/posts\/739\/revisions\/743"}],"wp:featuredmedia":[{"embeddable":true,"href":"https:\/\/neanoticias.com\/index.php\/wp-json\/wp\/v2\/media\/740"}],"wp:attachment":[{"href":"https:\/\/neanoticias.com\/index.php\/wp-json\/wp\/v2\/media?parent=739"}],"wp:term":[{"taxonomy":"category","embeddable":true,"href":"https:\/\/neanoticias.com\/index.php\/wp-json\/wp\/v2\/categories?post=739"},{"taxonomy":"post_tag","embeddable":true,"href":"https:\/\/neanoticias.com\/index.php\/wp-json\/wp\/v2\/tags?post=739"}],"curies":[{"name":"wp","href":"https:\/\/api.w.org\/{rel}","templated":true}]}}