{"id":736,"date":"2023-04-28T13:26:59","date_gmt":"2023-04-28T13:26:59","guid":{"rendered":"https:\/\/neanoticias.com\/?p=736"},"modified":"2023-04-28T13:27:00","modified_gmt":"2023-04-28T13:27:00","slug":"quiso-robar-moto-estacionada","status":"publish","type":"post","link":"https:\/\/neanoticias.com\/index.php\/2023\/04\/28\/quiso-robar-moto-estacionada\/","title":{"rendered":"QUISO ROBAR MOTO ESTACIONADA"},"content":{"rendered":"\n<figure class=\"wp-block-image size-full\"><img loading=\"lazy\" width=\"850\" height=\"500\" src=\"https:\/\/neanoticias.com\/wp-content\/uploads\/2023\/04\/1224110w850h500c.jpg.webp\" alt=\"\" class=\"wp-image-737\" srcset=\"https:\/\/neanoticias.com\/wp-content\/uploads\/2023\/04\/1224110w850h500c.jpg.webp 850w, https:\/\/neanoticias.com\/wp-content\/uploads\/2023\/04\/1224110w850h500c.jpg-300x176.webp 300w, https:\/\/neanoticias.com\/wp-content\/uploads\/2023\/04\/1224110w850h500c.jpg-768x452.webp 768w\" sizes=\"(max-width: 850px) 100vw, 850px\" \/><\/figure>\n\n\n\n<p>Cerca de las 18:30, uniformados del Grupo de R\u00e1pida Intervenci\u00f3n Motorizada (GRIM4) fueron alertados a trav\u00e9s del sistema de emergencias 911 que por calle Rocha de la capital provincial un hombre estaba intentando &#8220;destrabar&#8221; una motocicleta estacionada en la v\u00eda p\u00fablica.<\/p>\n\n\n\n<p>Fue as\u00ed que de inmediato llegaron a la zona y pr\u00f3ximo a calle Remedios de Escalada demoraron a un muchacho que reun\u00eda las caracter\u00edsticas f\u00edsicas descritas por un vecino que comunic\u00f3 el hecho.<\/p>\n\n\n\n<h2>Sindicado como delincuente<\/h2>\n\n\n\n<p>Al ver presencia policial en el barrio fue entonces que se acercaron personas de la cuadra quienes indicaron al sospechoso de ser quien intent\u00f3 llevarse una motocicleta que estaba estacionada con trabas correspondientes.<\/p>\n\n\n\n<p>Fue identificado y en base de datos apareci\u00f3 que el muchacho ten\u00eda pedido activo de localizaci\u00f3n por una causa que se investiga desde 2021 adem\u00e1s de antecedentes delictivos por varios delitos.<\/p>\n\n\n\n<p>Se trat\u00f3 de Luque, mayor de edad, quien qued\u00f3 a disposici\u00f3n de la Justicia en turno.<\/p>\n\n\n\n<p>Fue trasladado en la comisar\u00eda de la jurisdicci\u00f3n en la que adem\u00e1s realizaron las actuaciones del caso.<\/p>\n","protected":false},"excerpt":{"rendered":"<p>Cerca de las 18:30, uniformados del Grupo de R\u00e1pida Intervenci\u00f3n Motorizada (GRIM4) fueron alertados a&#8230;<\/p>\n","protected":false},"author":1,"featured_media":737,"comment_status":"open","ping_status":"open","sticky":false,"template":"","format":"standard","meta":[],"categories":[1],"tags":[],"_links":{"self":[{"href":"https:\/\/neanoticias.com\/index.php\/wp-json\/wp\/v2\/posts\/736"}],"collection":[{"href":"https:\/\/neanoticias.com\/index.php\/wp-json\/wp\/v2\/posts"}],"about":[{"href":"https:\/\/neanoticias.com\/index.php\/wp-json\/wp\/v2\/types\/post"}],"author":[{"embeddable":true,"href":"https:\/\/neanoticias.com\/index.php\/wp-json\/wp\/v2\/users\/1"}],"replies":[{"embeddable":true,"href":"https:\/\/neanoticias.com\/index.php\/wp-json\/wp\/v2\/comments?post=736"}],"version-history":[{"count":1,"href":"https:\/\/neanoticias.com\/index.php\/wp-json\/wp\/v2\/posts\/736\/revisions"}],"predecessor-version":[{"id":738,"href":"https:\/\/neanoticias.com\/index.php\/wp-json\/wp\/v2\/posts\/736\/revisions\/738"}],"wp:featuredmedia":[{"embeddable":true,"href":"https:\/\/neanoticias.com\/index.php\/wp-json\/wp\/v2\/media\/737"}],"wp:attachment":[{"href":"https:\/\/neanoticias.com\/index.php\/wp-json\/wp\/v2\/media?parent=736"}],"wp:term":[{"taxonomy":"category","embeddable":true,"href":"https:\/\/neanoticias.com\/index.php\/wp-json\/wp\/v2\/categories?post=736"},{"taxonomy":"post_tag","embeddable":true,"href":"https:\/\/neanoticias.com\/index.php\/wp-json\/wp\/v2\/tags?post=736"}],"curies":[{"name":"wp","href":"https:\/\/api.w.org\/{rel}","templated":true}]}}