{"id":729,"date":"2023-04-27T15:39:03","date_gmt":"2023-04-27T15:39:03","guid":{"rendered":"https:\/\/neanoticias.com\/?p=729"},"modified":"2023-04-27T15:39:03","modified_gmt":"2023-04-27T15:39:03","slug":"tassano-el-objetivo-de-tener-un-mes-de-corrientes-con-tanta-diversidad-cultural-se-esta-cumpliendo","status":"publish","type":"post","link":"https:\/\/neanoticias.com\/index.php\/2023\/04\/27\/tassano-el-objetivo-de-tener-un-mes-de-corrientes-con-tanta-diversidad-cultural-se-esta-cumpliendo\/","title":{"rendered":"TASSANO: \u201cEL OBJETIVO DE TENER UN MES DE CORRIENTES CON TANTA DIVERSIDAD CULTURAL SE EST\u00c1 CUMPLIENDO\u201d"},"content":{"rendered":"\n<p><em>\u201cEsto es lo que queremos: espect\u00e1culos al aire libre, de temas que tienen su p\u00fablico que lo disfruta\u201d, dijo el intendente, quien comparti\u00f3 con vecinos de la ciudad la presentaci\u00f3n de la obra, perteneciente a Teatro Mboyer\u00e9, que se enmarc\u00f3 en la \u201cTertulia Correntina\u201d. En la ocasi\u00f3n, adem\u00e1s, hubo ferias con venta de productos de distintos tipos, realizados por artesanos y emprendedores locales.<\/em><\/p>\n\n\n\n<figure class=\"wp-block-image size-large\"><img loading=\"lazy\" width=\"1024\" height=\"682\" src=\"https:\/\/neanoticias.com\/wp-content\/uploads\/2023\/04\/8f877d4c-ca23-229c-8584-c54260e129f6-1024x682.jpg\" alt=\"\" class=\"wp-image-730\" srcset=\"https:\/\/neanoticias.com\/wp-content\/uploads\/2023\/04\/8f877d4c-ca23-229c-8584-c54260e129f6-1024x682.jpg 1024w, https:\/\/neanoticias.com\/wp-content\/uploads\/2023\/04\/8f877d4c-ca23-229c-8584-c54260e129f6-300x200.jpg 300w, https:\/\/neanoticias.com\/wp-content\/uploads\/2023\/04\/8f877d4c-ca23-229c-8584-c54260e129f6-768x512.jpg 768w, https:\/\/neanoticias.com\/wp-content\/uploads\/2023\/04\/8f877d4c-ca23-229c-8584-c54260e129f6.jpg 1280w\" sizes=\"(max-width: 1024px) 100vw, 1024px\" \/><\/figure>\n\n\n\n<p>En la noche de este viernes se realiz\u00f3 exitosamente la presentaci\u00f3n de la obra \u201cLas Cautivas\u201d presentada por Teatro Mboyer\u00e9, en el marco de la \u201cTertulia Correntina\u201d, propuesta que forma parte de las actividades desarrolladas por el Mes de Corrientes. El intendente Eduardo Tassano, quien particip\u00f3 de la jornada, destac\u00f3 la puesta en marcha de este tipo de expresiones art\u00edsticas y asegur\u00f3 que ello forma parte de uno de los ejes de su gesti\u00f3n, tendientes a fortalecer a Corrientes como una ciudad amigable y de eventos para el disfrute tanto de los vecinos como de los turistas. Al mismo tiempo, invit\u00f3 p\u00fablicamente a la ciudadan\u00eda a disfrutar de las m\u00faltiples propuestas que se brindan en el marco del Mes de Corrientes.<br>La oportunidad fue propicia tambi\u00e9n para el desarrollo de una feria con venta de productos de distintos tipos, realizados por artesanos locales, como as\u00ed tambi\u00e9n de libros y de gastronom\u00eda, entre otras ofertas. Esto, a su vez, representa una oportunidad de desarrollo econ\u00f3mico para emprendedores de la ciudad.<br>\u201cLa verdad es que estamos muy contentos. Vine ac\u00e1, a la plaza 25 de Mayo, donde se brinda un espect\u00e1culo abierto y pude ver esta obra de teatro llamada \u2018Las Cautivas\u2019, con actores correntinos, j\u00f3venes, y un muy buen marco de gente\u201d, sostuvo inicialmente Tassano.<br>En ese sentido, asegur\u00f3 que con este tipo de propuestas se cumplen los objetivos trazados desde la gesti\u00f3n en ese aspecto. \u201cEsto es lo que queremos: espect\u00e1culos al aire libre, de temas que tienen su p\u00fablico que lo disfruta\u201d. Luego, hizo referencia a la multiplicidad de propuestas para vecinos y turistas, tanto de cultura como deportivas y de entretenimiento en general, con sus dis\u00edmiles facetas: \u201cEste objetivo del Mes de Corrientes, con tanta diversidad cultural, se est\u00e1 cumpliendo y seguimos camino a ensanchar todos los alcances de nuestra cultura\u201d, asegur\u00f3 el intendente.<br>\u00a0<br>POTENCIANDO LAS INDUSTRIAS CULTURALES Y CREATIVAS<br>Quien se mostr\u00f3 coincidente con estos conceptos fue la directora general de Desarrollo y Producci\u00f3n Cultural, Keren Anderson, recalc\u00f3 que la propuesta teatral fue impulsada por la compa\u00f1\u00eda Sken\u00e9 \u201csurge en el marco de un trabajo conjunto con la Municipalidad de Corrientes, y es una previa de lo que ser\u00e1 nuestro programa Teatro Mboyer\u00e9, que tiene como finalidad poder llevar el teatro a los barrios, a plazas, espacios abiertos y puntos de concentraci\u00f3n en nuestra ciudad\u201d.<br>Ello, seg\u00fan explic\u00f3, se produce con el objeto de \u201cpoder volver a tener un teatro accesible a todos los vecinos, por una participaci\u00f3n igualitaria\u201d, lo cual se circunscribe en \u201cun trabajo que venimos llevando adelante desde la Municipalidad que tiene como objetivo potenciar a las industrias culturales y creativas que tenemos en nuestra ciudad\u201d, expuso.<br>\u00a0<br>\u201cLAS CAUTIVAS\u201d<br>De esta manera, se present\u00f3 la obra \u201cLas Cautivas\u201d, cuya direcci\u00f3n general y puesta en escena est\u00e1 a cargo de Edgardo Fr\u00edas y la producci\u00f3n, de V\u00edctor Laenge, con un elenco compuesto por Nadia S\u00e1nchez Traskauskas, Luc\u00eda Cabellero, Lourdes Sol\u00eds Rosicela Rodr\u00edguez, Alfredo Musigh y Lucas Pozzer.<br>\u201cAgradecemos a la Municipalidad por habernos convocado a este Teatro Mboyer\u00e9, que es una ventana audiovisual para todos los artistas, a los que nos encanta hacer arte y amamos el arte\u201d, transmiti\u00f3 el director general de la obra teatral.<br>\u201cNosotros empezamos con el teatro cl\u00e1sico adaptado y luego nos fuimos bifurcando hacia todas las aristas que tiene el lenguaje teatral. Hacemos teatro de investigaci\u00f3n\u201d, explic\u00f3 Fr\u00edas tras la puesta en escena. \u201cJustamente, lo que acabamos de ver sobre Las Cautivas Correntinas, fue una intervenci\u00f3n esc\u00e9nica. Esta proyecci\u00f3n nos mete en la historia y -se entiende- se despega desde la creatividad de la direcci\u00f3n o el autor propiamente dicho, desde lo cual nace la intervenci\u00f3n esc\u00e9nica\u201d, agreg\u00f3 al respecto.<br>\u201cEl trabajo corporal de las chicas que interpretan a Las Cautivas fue muy interesante para trabajarlo porque, obviamente, en un contexto diferente, hab\u00eda que adaptar esos cuerpos a ser lastimados y flagelados por hombres, lo cual es una de las versiones de la historia\u201d, rese\u00f1\u00f3 finalmente.En la noche de este viernes se realiz\u00f3 exitosamente la presentaci\u00f3n de la obra \u201cLas Cautivas\u201d presentada por Teatro Mboyer\u00e9, en el marco de la \u201cTertulia Correntina\u201d, propuesta que forma parte de las actividades desarrolladas por el Mes de Corrientes. El intendente Eduardo Tassano, quien particip\u00f3 de la jornada, destac\u00f3 la puesta en marcha de este tipo de expresiones art\u00edsticas y asegur\u00f3 que ello forma parte de uno de los ejes de su gesti\u00f3n, tendientes a fortalecer a Corrientes como una ciudad amigable y de eventos para el disfrute tanto de los vecinos como de los turistas. Al mismo tiempo, invit\u00f3 p\u00fablicamente a la ciudadan\u00eda a disfrutar de las m\u00faltiples propuestas que se brindan en el marco del Mes de Corrientes.<br>La oportunidad fue propicia tambi\u00e9n para el desarrollo de una feria con venta de productos de distintos tipos, realizados por artesanos locales, como as\u00ed tambi\u00e9n de libros y de gastronom\u00eda, entre otras ofertas. Esto, a su vez, representa una oportunidad de desarrollo econ\u00f3mico para emprendedores de la ciudad.<br>\u201cLa verdad es que estamos muy contentos. Vine ac\u00e1, a la plaza 25 de Mayo, donde se brinda un espect\u00e1culo abierto y pude ver esta obra de teatro llamada \u2018Las Cautivas\u2019, con actores correntinos, j\u00f3venes, y un muy buen marco de gente\u201d, sostuvo inicialmente Tassano.<br>En ese sentido, asegur\u00f3 que con este tipo de propuestas se cumplen los objetivos trazados desde la gesti\u00f3n en ese aspecto. \u201cEsto es lo que queremos: espect\u00e1culos al aire libre, de temas que tienen su p\u00fablico que lo disfruta\u201d. Luego, hizo referencia a la multiplicidad de propuestas para vecinos y turistas, tanto de cultura como deportivas y de entretenimiento en general, con sus dis\u00edmiles facetas: \u201cEste objetivo del Mes de Corrientes, con tanta diversidad cultural, se est\u00e1 cumpliendo y seguimos camino a ensanchar todos los alcances de nuestra cultura\u201d, asegur\u00f3 el intendente.<br>\u00a0<br>POTENCIANDO LAS INDUSTRIAS CULTURALES Y CREATIVAS<br>Quien se mostr\u00f3 coincidente con estos conceptos fue la directora general de Desarrollo y Producci\u00f3n Cultural, Keren Anderson, recalc\u00f3 que la propuesta teatral fue impulsada por la compa\u00f1\u00eda Sken\u00e9 \u201csurge en el marco de un trabajo conjunto con la Municipalidad de Corrientes, y es una previa de lo que ser\u00e1 nuestro programa Teatro Mboyer\u00e9, que tiene como finalidad poder llevar el teatro a los barrios, a plazas, espacios abiertos y puntos de concentraci\u00f3n en nuestra ciudad\u201d.<br>Ello, seg\u00fan explic\u00f3, se produce con el objeto de \u201cpoder volver a tener un teatro accesible a todos los vecinos, por una participaci\u00f3n igualitaria\u201d, lo cual se circunscribe en \u201cun trabajo que venimos llevando adelante desde la Municipalidad que tiene como objetivo potenciar a las industrias culturales y creativas que tenemos en nuestra ciudad\u201d, expuso.<br>\u00a0<br>\u201cLAS CAUTIVAS\u201d<br>De esta manera, se present\u00f3 la obra \u201cLas Cautivas\u201d, cuya direcci\u00f3n general y puesta en escena est\u00e1 a cargo de Edgardo Fr\u00edas y la producci\u00f3n, de V\u00edctor Laenge, con un elenco compuesto por Nadia S\u00e1nchez Traskauskas, Luc\u00eda Cabellero, Lourdes Sol\u00eds Rosicela Rodr\u00edguez, Alfredo Musigh y Lucas Pozzer.<br>\u201cAgradecemos a la Municipalidad por habernos convocado a este Teatro Mboyer\u00e9, que es una ventana audiovisual para todos los artistas, a los que nos encanta hacer arte y amamos el arte\u201d, transmiti\u00f3 el director general de la obra teatral.<br>\u201cNosotros empezamos con el teatro cl\u00e1sico adaptado y luego nos fuimos bifurcando hacia todas las aristas que tiene el lenguaje teatral. Hacemos teatro de investigaci\u00f3n\u201d, explic\u00f3 Fr\u00edas tras la puesta en escena. \u201cJustamente, lo que acabamos de ver sobre Las Cautivas Correntinas, fue una intervenci\u00f3n esc\u00e9nica. Esta proyecci\u00f3n nos mete en la historia y -se entiende- se despega desde la creatividad de la direcci\u00f3n o el autor propiamente dicho, desde lo cual nace la intervenci\u00f3n esc\u00e9nica\u201d, agreg\u00f3 al respecto.<br>\u201cEl trabajo corporal de las chicas que interpretan a Las Cautivas fue muy interesante para trabajarlo porque, obviamente, en un contexto diferente, hab\u00eda que adaptar esos cuerpos a ser lastimados y flagelados por hombres, lo cual es una de las versiones de la historia\u201d, rese\u00f1\u00f3 finalmente.<\/p>\n","protected":false},"excerpt":{"rendered":"<p>\u201cEsto es lo que queremos: espect\u00e1culos al aire libre, de temas que tienen su p\u00fablico&#8230;<\/p>\n","protected":false},"author":1,"featured_media":730,"comment_status":"open","ping_status":"open","sticky":false,"template":"","format":"standard","meta":[],"categories":[1],"tags":[],"_links":{"self":[{"href":"https:\/\/neanoticias.com\/index.php\/wp-json\/wp\/v2\/posts\/729"}],"collection":[{"href":"https:\/\/neanoticias.com\/index.php\/wp-json\/wp\/v2\/posts"}],"about":[{"href":"https:\/\/neanoticias.com\/index.php\/wp-json\/wp\/v2\/types\/post"}],"author":[{"embeddable":true,"href":"https:\/\/neanoticias.com\/index.php\/wp-json\/wp\/v2\/users\/1"}],"replies":[{"embeddable":true,"href":"https:\/\/neanoticias.com\/index.php\/wp-json\/wp\/v2\/comments?post=729"}],"version-history":[{"count":1,"href":"https:\/\/neanoticias.com\/index.php\/wp-json\/wp\/v2\/posts\/729\/revisions"}],"predecessor-version":[{"id":731,"href":"https:\/\/neanoticias.com\/index.php\/wp-json\/wp\/v2\/posts\/729\/revisions\/731"}],"wp:featuredmedia":[{"embeddable":true,"href":"https:\/\/neanoticias.com\/index.php\/wp-json\/wp\/v2\/media\/730"}],"wp:attachment":[{"href":"https:\/\/neanoticias.com\/index.php\/wp-json\/wp\/v2\/media?parent=729"}],"wp:term":[{"taxonomy":"category","embeddable":true,"href":"https:\/\/neanoticias.com\/index.php\/wp-json\/wp\/v2\/categories?post=729"},{"taxonomy":"post_tag","embeddable":true,"href":"https:\/\/neanoticias.com\/index.php\/wp-json\/wp\/v2\/tags?post=729"}],"curies":[{"name":"wp","href":"https:\/\/api.w.org\/{rel}","templated":true}]}}