{"id":726,"date":"2023-04-27T15:37:43","date_gmt":"2023-04-27T15:37:43","guid":{"rendered":"https:\/\/neanoticias.com\/?p=726"},"modified":"2023-04-27T15:37:43","modified_gmt":"2023-04-27T15:37:43","slug":"senasa-ahora-dice-que-las-gallinas-no-tienen-gripe-aviar","status":"publish","type":"post","link":"https:\/\/neanoticias.com\/index.php\/2023\/04\/27\/senasa-ahora-dice-que-las-gallinas-no-tienen-gripe-aviar\/","title":{"rendered":"SENASA AHORA DICE QUE LAS GALLINAS NO TIENEN GRIPE AVIAR"},"content":{"rendered":"\n<p>La contraprueba de laboratorio dio negativa a la enfermedad. Sin embargo, la entidad sanitaria nacional hace una semana hab\u00eda afirmado que las aves estaban infectadas y orden\u00f3 el sacrificio de las 200 mil ponedoras. Afortunadamente, no se cumpli\u00f3.<\/p>\n\n\n\n<figure class=\"wp-block-image size-full\"><img loading=\"lazy\" width=\"380\" height=\"305\" src=\"https:\/\/neanoticias.com\/wp-content\/uploads\/2023\/04\/1291183w380h305c.jpg.webp\" alt=\"\" class=\"wp-image-727\" srcset=\"https:\/\/neanoticias.com\/wp-content\/uploads\/2023\/04\/1291183w380h305c.jpg.webp 380w, https:\/\/neanoticias.com\/wp-content\/uploads\/2023\/04\/1291183w380h305c.jpg-300x241.webp 300w\" sizes=\"(max-width: 380px) 100vw, 380px\" \/><\/figure>\n\n\n\n<p>Un yerro del SENASA estuvo a punto de hacer quebrar una empresa av\u00edcola de 38 a\u00f1os y dejar sin el sustento laboral a unas 150 familias. La f\u00e9rrea defensa de los propietarios de la industria fren\u00f3 la inadmisible orden de matar a unas 200 mil gallinas ponedoras que hubiera dado fin a una tradicional firma correntina.<\/p>\n\n\n\n<p>Ayer por la tarde, el Servicio Nacional de Sanidad y Calidad Agroalimentaria (SENASA) inform\u00f3 que la segunda muestra tomada a aves de la granja &#8220;Av\u00edcola Santa Ana&#8221;, dispuesta por orden de la Justicia Federal, dio resultado negativo a la presencia de gripe aviar.<\/p>\n\n\n\n<p>Sin embargo, la instituci\u00f3n sanitaria nacional hab\u00eda afirmado que la primera muestra tomada el pasado 4 de abril hab\u00eda dado positiva y orden\u00f3 que la firma mate a toda su producci\u00f3n av\u00edcola para &#8220;evitar la propagaci\u00f3n de la enfermedad&#8221;.<\/p>\n\n\n\n<p>Los propietarios de la empresa correntina fueron a la Justicia Federal tras asegurar que el SENASA nunca realiz\u00f3 el muestreo en las aves y que los hisopados, que en teor\u00eda fueron analizados por el laboratorio del organismo (ubicado en Mart\u00ednez, provincia de Buenos Aires), nunca llevaron carga org\u00e1nica alguna que pudiera demostrar la presencia de una enfermedad. Es decir, estaban vac\u00edos.<\/p>\n\n\n\n<p>Mientras la causa avanzaba en las esferas judiciales, los propietarios y los empleados de la empresa montaron guardia frente a las instalaciones de la av\u00edcola, ubicada en Ruta 43, para evitar el sacrificio de los animales.<\/p>\n\n\n\n<p>El jueves pasado el juez federal Juan Carlos Vallejos se acerc\u00f3 hasta la empresa, pudo comprobar que no hab\u00eda mortandad de aves (que s\u00ed hubiera ocurrido si en verdad las gallinas estaban infectadas) y orden\u00f3 la contraprueba tan solicitada por los propietarios de la industria.<\/p>\n\n\n\n<p>Y ayer por la tarde, el SENASA inform\u00f3 a la Justicia Federal que la nueva muestra dio negativo a la presencia de la enfermedad. De todas maneras, sugiri\u00f3 mantener la interdicci\u00f3n por sospecha del establecimiento al menos hasta cumplidos 14 d\u00edas desde la primera toma de muestras (es decir, hasta el 18 de abril) y realizar una tercera toma de muestras.<\/p>\n\n\n\n<p>El SENASA se defendi\u00f3 pero no se disculp\u00f3. Ten\u00eda que haberlo hecho. En su comunicado refiri\u00f3 que se cumplieron los protocolos sanitarios y las garant\u00edas de custodia de las muestras, que la decisi\u00f3n de ordenar el sacrificio forma parte de las normas internacionales para evitar la propagaci\u00f3n de la enfermedad y que su laboratorio es el \u00fanico en Argentina capaz de realizar el examen. Demasiada redacci\u00f3n para evitar explicar lo que, parad\u00f3jicamente, es inexplicable.<\/p>\n\n\n\n<p>\u00bfQu\u00e9 ocurri\u00f3? \u00bfPor qu\u00e9 todas las muestras tomadas el 4 de abril en la av\u00edcola dieron positivo y una semana despu\u00e9s los ex\u00e1menes resultaron lo opuesto? \u00bfGrosero error del SENASA? \u00bf&#8221;Equivocaci\u00f3n&#8221; adrede para sacar del mercado a una empresa con una alta inserci\u00f3n comercial en la regi\u00f3n? \u00bfQui\u00e9n se hace cargo de semejante desprop\u00f3sito? \u00bfQu\u00e9 credibilidad tiene ahora el SENASA?<\/p>\n","protected":false},"excerpt":{"rendered":"<p>La contraprueba de laboratorio dio negativa a la enfermedad. Sin embargo, la entidad sanitaria nacional&#8230;<\/p>\n","protected":false},"author":1,"featured_media":727,"comment_status":"open","ping_status":"open","sticky":false,"template":"","format":"standard","meta":[],"categories":[1],"tags":[],"_links":{"self":[{"href":"https:\/\/neanoticias.com\/index.php\/wp-json\/wp\/v2\/posts\/726"}],"collection":[{"href":"https:\/\/neanoticias.com\/index.php\/wp-json\/wp\/v2\/posts"}],"about":[{"href":"https:\/\/neanoticias.com\/index.php\/wp-json\/wp\/v2\/types\/post"}],"author":[{"embeddable":true,"href":"https:\/\/neanoticias.com\/index.php\/wp-json\/wp\/v2\/users\/1"}],"replies":[{"embeddable":true,"href":"https:\/\/neanoticias.com\/index.php\/wp-json\/wp\/v2\/comments?post=726"}],"version-history":[{"count":1,"href":"https:\/\/neanoticias.com\/index.php\/wp-json\/wp\/v2\/posts\/726\/revisions"}],"predecessor-version":[{"id":728,"href":"https:\/\/neanoticias.com\/index.php\/wp-json\/wp\/v2\/posts\/726\/revisions\/728"}],"wp:featuredmedia":[{"embeddable":true,"href":"https:\/\/neanoticias.com\/index.php\/wp-json\/wp\/v2\/media\/727"}],"wp:attachment":[{"href":"https:\/\/neanoticias.com\/index.php\/wp-json\/wp\/v2\/media?parent=726"}],"wp:term":[{"taxonomy":"category","embeddable":true,"href":"https:\/\/neanoticias.com\/index.php\/wp-json\/wp\/v2\/categories?post=726"},{"taxonomy":"post_tag","embeddable":true,"href":"https:\/\/neanoticias.com\/index.php\/wp-json\/wp\/v2\/tags?post=726"}],"curies":[{"name":"wp","href":"https:\/\/api.w.org\/{rel}","templated":true}]}}