{"id":720,"date":"2023-04-27T15:30:34","date_gmt":"2023-04-27T15:30:34","guid":{"rendered":"https:\/\/neanoticias.com\/?p=720"},"modified":"2023-04-27T15:30:35","modified_gmt":"2023-04-27T15:30:35","slug":"tassano-anuncio-que-el-plus-extraordinario-a-municipales-se-pagara-desde-este-martes-18","status":"publish","type":"post","link":"https:\/\/neanoticias.com\/index.php\/2023\/04\/27\/tassano-anuncio-que-el-plus-extraordinario-a-municipales-se-pagara-desde-este-martes-18\/","title":{"rendered":"TASSANO ANUNCI\u00d3 QUE EL PLUS EXTRAORDINARIO A MUNICIPALES SE PAGAR\u00c1 DESDE ESTE MARTES 18"},"content":{"rendered":"\n<p><em>El pago para los trabajadores de planta y contrato se har\u00e1 este martes 18. Los agentes Neike bancarizados tambi\u00e9n tendr\u00e1n depositados sus pluses el 18. Por su parte, los Neike no bancarizados cobrar\u00e1n por terminaci\u00f3n del DNI, desde el 18 y hasta el jueves 20, en la Caja Municipal de Pr\u00e9stamos.<\/em><\/p>\n\n\n\n<figure class=\"wp-block-image size-large\"><img loading=\"lazy\" width=\"810\" height=\"1024\" src=\"https:\/\/neanoticias.com\/wp-content\/uploads\/2023\/04\/858c164b-bbb8-f00e-6740-f3339f5ecdda-810x1024.jpeg\" alt=\"\" class=\"wp-image-721\" srcset=\"https:\/\/neanoticias.com\/wp-content\/uploads\/2023\/04\/858c164b-bbb8-f00e-6740-f3339f5ecdda-810x1024.jpeg 810w, https:\/\/neanoticias.com\/wp-content\/uploads\/2023\/04\/858c164b-bbb8-f00e-6740-f3339f5ecdda-237x300.jpeg 237w, https:\/\/neanoticias.com\/wp-content\/uploads\/2023\/04\/858c164b-bbb8-f00e-6740-f3339f5ecdda-768x971.jpeg 768w, https:\/\/neanoticias.com\/wp-content\/uploads\/2023\/04\/858c164b-bbb8-f00e-6740-f3339f5ecdda-1024x1295.jpeg 1024w, https:\/\/neanoticias.com\/wp-content\/uploads\/2023\/04\/858c164b-bbb8-f00e-6740-f3339f5ecdda.jpeg 1197w\" sizes=\"(max-width: 810px) 100vw, 810px\" \/><\/figure>\n\n\n\n<p>Este martes 18, la Municipalidad de Corrientes iniciar\u00e1 el pago del plus extraordinario de abril para todo el personal, seg\u00fan inform\u00f3 el intendente Eduardo Tassano.<br>Los trabajadores de planta y contrato y los agentes Neike bancarizados tendr\u00e1n depositados los pluses en sus respectivas cuentas bancarias el martes 18, dinero al que podr\u00e1n acceder extray\u00e9ndolo a trav\u00e9s de los cajeros autom\u00e1ticos habilitados.<br>Por su parte, aquellos trabajadores Neike que no est\u00e1n bancarizados deber\u00e1n dirigirse a la Caja Municipal de Pr\u00e9stamos (CMP), en su sede central, ubicada en Brasil 1269. Los pagos se har\u00e1n de lunes a viernes, de 7.30 a 12.30 y de 16 a 20.30.<br>En este caso, este martes 18 les corresponder\u00e1 cobrar a los trabajadores cuyos DNI terminen en 0, 1 y 2; el mi\u00e9rcoles 19, a los agentes con DNI finalizados en 3, 4, 5 y 6; y el jueves 20, a los que tengan documentos que culminen en 7, 8 y 9.<\/p>\n","protected":false},"excerpt":{"rendered":"<p>El pago para los trabajadores de planta y contrato se har\u00e1 este martes 18. Los&#8230;<\/p>\n","protected":false},"author":1,"featured_media":721,"comment_status":"open","ping_status":"open","sticky":false,"template":"","format":"standard","meta":[],"categories":[1],"tags":[],"_links":{"self":[{"href":"https:\/\/neanoticias.com\/index.php\/wp-json\/wp\/v2\/posts\/720"}],"collection":[{"href":"https:\/\/neanoticias.com\/index.php\/wp-json\/wp\/v2\/posts"}],"about":[{"href":"https:\/\/neanoticias.com\/index.php\/wp-json\/wp\/v2\/types\/post"}],"author":[{"embeddable":true,"href":"https:\/\/neanoticias.com\/index.php\/wp-json\/wp\/v2\/users\/1"}],"replies":[{"embeddable":true,"href":"https:\/\/neanoticias.com\/index.php\/wp-json\/wp\/v2\/comments?post=720"}],"version-history":[{"count":1,"href":"https:\/\/neanoticias.com\/index.php\/wp-json\/wp\/v2\/posts\/720\/revisions"}],"predecessor-version":[{"id":722,"href":"https:\/\/neanoticias.com\/index.php\/wp-json\/wp\/v2\/posts\/720\/revisions\/722"}],"wp:featuredmedia":[{"embeddable":true,"href":"https:\/\/neanoticias.com\/index.php\/wp-json\/wp\/v2\/media\/721"}],"wp:attachment":[{"href":"https:\/\/neanoticias.com\/index.php\/wp-json\/wp\/v2\/media?parent=720"}],"wp:term":[{"taxonomy":"category","embeddable":true,"href":"https:\/\/neanoticias.com\/index.php\/wp-json\/wp\/v2\/categories?post=720"},{"taxonomy":"post_tag","embeddable":true,"href":"https:\/\/neanoticias.com\/index.php\/wp-json\/wp\/v2\/tags?post=720"}],"curies":[{"name":"wp","href":"https:\/\/api.w.org\/{rel}","templated":true}]}}