{"id":72,"date":"2022-08-25T14:13:30","date_gmt":"2022-08-25T14:13:30","guid":{"rendered":"https:\/\/neanoticias.com\/?p=72"},"modified":"2022-08-25T14:13:30","modified_gmt":"2022-08-25T14:13:30","slug":"el-plus-complementario-municipal-se-pagara-desde-este-viernes-26","status":"publish","type":"post","link":"https:\/\/neanoticias.com\/index.php\/2022\/08\/25\/el-plus-complementario-municipal-se-pagara-desde-este-viernes-26\/","title":{"rendered":"EL PLUS COMPLEMENTARIO MUNICIPAL SE PAGAR\u00c1 DESDE ESTE VIERNES 26"},"content":{"rendered":"\n<p>El pago para los trabajadores de planta y contrato se har\u00e1 este viernes 26. Los agentes Neike bancarizados tambi\u00e9n tendr\u00e1n depositados sus pluses el 26. Por su parte, los Neike no bancarizados cobrar\u00e1n por terminaci\u00f3n del DNI, desde el 26 y hasta el viernes 30, en la Caja Municipal de Pr\u00e9stamos.<\/p>\n\n\n\n<p><\/p>\n\n\n\n<figure class=\"wp-block-image size-full\"><img loading=\"lazy\" width=\"700\" height=\"466\" src=\"https:\/\/neanoticias.com\/wp-content\/uploads\/2022\/08\/814712.jpg_nota.jpg\" alt=\"\" class=\"wp-image-73\" srcset=\"https:\/\/neanoticias.com\/wp-content\/uploads\/2022\/08\/814712.jpg_nota.jpg 700w, https:\/\/neanoticias.com\/wp-content\/uploads\/2022\/08\/814712.jpg_nota-300x200.jpg 300w\" sizes=\"(max-width: 700px) 100vw, 700px\" \/><\/figure>\n\n\n\n<p>Este viernes 26, la Municipalidad de Corrientes iniciar\u00e1 el pago del plus complementario de agosto para todo el personal, seg\u00fan inform\u00f3 el intendente Eduardo Tassano.<\/p>\n\n\n\n<p>Los trabajadores de planta y contrato y los agentes Neike bancarizados tendr\u00e1n depositados los pluses complementarios en sus respectivas cuentas bancarias el viernes 26, dinero al que podr\u00e1n acceder extray\u00e9ndolo a trav\u00e9s de los cajeros autom\u00e1ticos habilitados. <\/p>\n\n\n\n<p>Por su parte, aquellos trabajadores Neike que no est\u00e1n bancarizados deber\u00e1n dirigirse a la Caja Municipal de Pr\u00e9stamos (CMP), en su sede central, ubicada en Brasil 1269. Los pagos se har\u00e1n de lunes a viernes, de 7.30 a 12.30 y de 16 a 20.30.<\/p>\n\n\n\n<p>En este caso, este viernes 26 les corresponde cobrar a los trabajadores cuyos DNI terminen en 0, 1 y 2; el lunes 29, a los agentes con DNI finalizados en 3, 4, 5 y 6; y el martes 30, a los que tengan documentos que culminen en 7, 8 y 9.<\/p>\n","protected":false},"excerpt":{"rendered":"<p>El pago para los trabajadores de planta y contrato se har\u00e1 este viernes 26. Los&#8230;<\/p>\n","protected":false},"author":1,"featured_media":73,"comment_status":"open","ping_status":"open","sticky":false,"template":"","format":"standard","meta":[],"categories":[1],"tags":[],"_links":{"self":[{"href":"https:\/\/neanoticias.com\/index.php\/wp-json\/wp\/v2\/posts\/72"}],"collection":[{"href":"https:\/\/neanoticias.com\/index.php\/wp-json\/wp\/v2\/posts"}],"about":[{"href":"https:\/\/neanoticias.com\/index.php\/wp-json\/wp\/v2\/types\/post"}],"author":[{"embeddable":true,"href":"https:\/\/neanoticias.com\/index.php\/wp-json\/wp\/v2\/users\/1"}],"replies":[{"embeddable":true,"href":"https:\/\/neanoticias.com\/index.php\/wp-json\/wp\/v2\/comments?post=72"}],"version-history":[{"count":1,"href":"https:\/\/neanoticias.com\/index.php\/wp-json\/wp\/v2\/posts\/72\/revisions"}],"predecessor-version":[{"id":74,"href":"https:\/\/neanoticias.com\/index.php\/wp-json\/wp\/v2\/posts\/72\/revisions\/74"}],"wp:featuredmedia":[{"embeddable":true,"href":"https:\/\/neanoticias.com\/index.php\/wp-json\/wp\/v2\/media\/73"}],"wp:attachment":[{"href":"https:\/\/neanoticias.com\/index.php\/wp-json\/wp\/v2\/media?parent=72"}],"wp:term":[{"taxonomy":"category","embeddable":true,"href":"https:\/\/neanoticias.com\/index.php\/wp-json\/wp\/v2\/categories?post=72"},{"taxonomy":"post_tag","embeddable":true,"href":"https:\/\/neanoticias.com\/index.php\/wp-json\/wp\/v2\/tags?post=72"}],"curies":[{"name":"wp","href":"https:\/\/api.w.org\/{rel}","templated":true}]}}